{"id":228,"date":"2026-02-16T20:37:24","date_gmt":"2026-02-16T19:37:24","guid":{"rendered":"https:\/\/guide-etudiant-etranger.org\/?page_id=228"},"modified":"2026-04-01T10:25:13","modified_gmt":"2026-04-01T08:25:13","slug":"fiche-2-le-recours-contre-le-refus-de-visa","status":"publish","type":"post","link":"https:\/\/guide-etudiant-etranger.org\/index.php\/2026\/02\/16\/fiche-2-le-recours-contre-le-refus-de-visa\/","title":{"rendered":"Fiche 2 \u2013 Le recours contre le refus de visa"},"content":{"rendered":"\n<h1 class=\"wp-block-heading is-style-text-display has-base-color has-text-color has-background has-x-large-font-size is-style-text-display--1\" style=\"background-color:#3b61a8;padding-top:var(--wp--preset--spacing--30);padding-right:var(--wp--preset--spacing--30);padding-bottom:var(--wp--preset--spacing--30);padding-left:var(--wp--preset--spacing--30)\"><span class=\"ez-toc-section\" id=\"Fiche_2_%E2%80%93_Le_recours_contre_le_refus_de_visa\"><\/span>Fiche 2 \u2013 Le recours contre le refus de visa<span class=\"ez-toc-section-end\"><\/span><\/h1><div id=\"ez-toc-container\" class=\"ez-toc-v2_0_81 ez-toc-wrap-left counter-hierarchy ez-toc-counter ez-toc-transparent ez-toc-container-direction\">\n<div class=\"ez-toc-title-container\">\n<p class=\"ez-toc-title\" style=\"cursor:inherit\">Sommaire<\/p>\n<span class=\"ez-toc-title-toggle\"><a href=\"#\" class=\"ez-toc-pull-right ez-toc-btn ez-toc-btn-xs ez-toc-btn-default ez-toc-toggle\" aria-label=\"Toggle Table of Content\"><span class=\"ez-toc-js-icon-con\"><span class=\"\"><span class=\"eztoc-hide\" style=\"display:none;\">Toggle<\/span><span class=\"ez-toc-icon-toggle-span\"><svg style=\"fill: #999;color:#999\" xmlns=\"http:\/\/www.w3.org\/2000\/svg\" class=\"list-377408\" width=\"20px\" height=\"20px\" viewBox=\"0 0 24 24\" fill=\"none\"><path d=\"M6 6H4v2h2V6zm14 0H8v2h12V6zM4 11h2v2H4v-2zm16 0H8v2h12v-2zM4 16h2v2H4v-2zm16 0H8v2h12v-2z\" fill=\"currentColor\"><\/path><\/svg><svg style=\"fill: #999;color:#999\" class=\"arrow-unsorted-368013\" xmlns=\"http:\/\/www.w3.org\/2000\/svg\" width=\"10px\" height=\"10px\" viewBox=\"0 0 24 24\" version=\"1.2\" baseProfile=\"tiny\"><path d=\"M18.2 9.3l-6.2-6.3-6.2 6.3c-.2.2-.3.4-.3.7s.1.5.3.7c.2.2.4.3.7.3h11c.3 0 .5-.1.7-.3.2-.2.3-.5.3-.7s-.1-.5-.3-.7zM5.8 14.7l6.2 6.3 6.2-6.3c.2-.2.3-.5.3-.7s-.1-.5-.3-.7c-.2-.2-.4-.3-.7-.3h-11c-.3 0-.5.1-.7.3-.2.2-.3.5-.3.7s.1.5.3.7z\"\/><\/svg><\/span><\/span><\/span><\/a><\/span><\/div>\n<nav><ul class='ez-toc-list ez-toc-list-level-1 ' ><li class='ez-toc-page-1 ez-toc-heading-level-1'><a class=\"ez-toc-link ez-toc-heading-1\" href=\"https:\/\/guide-etudiant-etranger.org\/index.php\/2026\/02\/16\/fiche-2-le-recours-contre-le-refus-de-visa\/#Fiche_2_%E2%80%93_Le_recours_contre_le_refus_de_visa\" >Fiche 2 \u2013 Le recours contre le refus de visa<\/a><ul class='ez-toc-list-level-2' ><li class='ez-toc-heading-level-2'><a class=\"ez-toc-link ez-toc-heading-2\" href=\"https:\/\/guide-etudiant-etranger.org\/index.php\/2026\/02\/16\/fiche-2-le-recours-contre-le-refus-de-visa\/#I_En_cas_de_refus_de_visa_le_recours_administratif_prealable_obligatoire\" >I. En cas de refus de visa : le recours administratif pr\u00e9alable obligatoire\u00a0<\/a><ul class='ez-toc-list-level-3' ><li class='ez-toc-heading-level-3'><a class=\"ez-toc-link ez-toc-heading-3\" href=\"https:\/\/guide-etudiant-etranger.org\/index.php\/2026\/02\/16\/fiche-2-le-recours-contre-le-refus-de-visa\/#%3E_Le_visa_de_long_sejour\" >&gt; Le visa de long s\u00e9jour&nbsp;<\/a><ul class='ez-toc-list-level-4' ><li class='ez-toc-heading-level-4'><a class=\"ez-toc-link ez-toc-heading-4\" href=\"https:\/\/guide-etudiant-etranger.org\/index.php\/2026\/02\/16\/fiche-2-le-recours-contre-le-refus-de-visa\/#Qui_saisir\" >Qui saisir ?&nbsp;<\/a><\/li><li class='ez-toc-page-1 ez-toc-heading-level-4'><a class=\"ez-toc-link ez-toc-heading-5\" href=\"https:\/\/guide-etudiant-etranger.org\/index.php\/2026\/02\/16\/fiche-2-le-recours-contre-le-refus-de-visa\/#Qui_peut_saisir_la_CRRV\" >Qui peut saisir la CRRV ?&nbsp;<\/a><\/li><li class='ez-toc-page-1 ez-toc-heading-level-4'><a class=\"ez-toc-link ez-toc-heading-6\" href=\"https:\/\/guide-etudiant-etranger.org\/index.php\/2026\/02\/16\/fiche-2-le-recours-contre-le-refus-de-visa\/#Dans_quels_delais\" >Dans quels d\u00e9lais ?&nbsp;<\/a><\/li><li class='ez-toc-page-1 ez-toc-heading-level-4'><a class=\"ez-toc-link ez-toc-heading-7\" href=\"https:\/\/guide-etudiant-etranger.org\/index.php\/2026\/02\/16\/fiche-2-le-recours-contre-le-refus-de-visa\/#Quelles_consequences_en_cas_de_non_saisine_de_la_CRRV\" >Quelles cons\u00e9quences en cas de non saisine de la CRRV ?&nbsp;<\/a><\/li><li class='ez-toc-page-1 ez-toc-heading-level-4'><a class=\"ez-toc-link ez-toc-heading-8\" href=\"https:\/\/guide-etudiant-etranger.org\/index.php\/2026\/02\/16\/fiche-2-le-recours-contre-le-refus-de-visa\/#Que_peut_faire_la_CRRV\" >Que peut faire la CRRV ?&nbsp;<\/a><\/li><\/ul><\/li><li class='ez-toc-page-1 ez-toc-heading-level-3'><a class=\"ez-toc-link ez-toc-heading-9\" href=\"https:\/\/guide-etudiant-etranger.org\/index.php\/2026\/02\/16\/fiche-2-le-recours-contre-le-refus-de-visa\/#%3E_Le_visa_de_court_sejour\" >&gt; Le visa de court s\u00e9jour&nbsp;<\/a><ul class='ez-toc-list-level-4' ><li class='ez-toc-heading-level-4'><a class=\"ez-toc-link ez-toc-heading-10\" href=\"https:\/\/guide-etudiant-etranger.org\/index.php\/2026\/02\/16\/fiche-2-le-recours-contre-le-refus-de-visa\/#Qui_saisir-2\" >Qui saisir ?&nbsp;<\/a><\/li><li class='ez-toc-page-1 ez-toc-heading-level-4'><a class=\"ez-toc-link ez-toc-heading-11\" href=\"https:\/\/guide-etudiant-etranger.org\/index.php\/2026\/02\/16\/fiche-2-le-recours-contre-le-refus-de-visa\/#Qui_peut_saisir_le_sous-directeur_des_visas\" >Qui peut saisir le sous-directeur des visas ?&nbsp;<\/a><\/li><li class='ez-toc-page-1 ez-toc-heading-level-4'><a class=\"ez-toc-link ez-toc-heading-12\" href=\"https:\/\/guide-etudiant-etranger.org\/index.php\/2026\/02\/16\/fiche-2-le-recours-contre-le-refus-de-visa\/#Dans_quels_delais-2\" >Dans quels d\u00e9lais ?&nbsp;<\/a><\/li><li class='ez-toc-page-1 ez-toc-heading-level-4'><a class=\"ez-toc-link ez-toc-heading-13\" href=\"https:\/\/guide-etudiant-etranger.org\/index.php\/2026\/02\/16\/fiche-2-le-recours-contre-le-refus-de-visa\/#Quelles_consequences_en_cas_de_non_saisine_du_sous-directeur_des_visas\" >Quelles cons\u00e9quences en cas de non saisine du sous-directeur des visas ?&nbsp;<\/a><\/li><li class='ez-toc-page-1 ez-toc-heading-level-4'><a class=\"ez-toc-link ez-toc-heading-14\" href=\"https:\/\/guide-etudiant-etranger.org\/index.php\/2026\/02\/16\/fiche-2-le-recours-contre-le-refus-de-visa\/#Que_peut_faire_le_sous-directeur_des_visas_de_la_DGEF\" >Que peut faire le sous-directeur des visas de la DGEF ?&nbsp;<\/a><\/li><\/ul><\/li><\/ul><\/li><li class='ez-toc-page-1 ez-toc-heading-level-2'><a class=\"ez-toc-link ez-toc-heading-15\" href=\"https:\/\/guide-etudiant-etranger.org\/index.php\/2026\/02\/16\/fiche-2-le-recours-contre-le-refus-de-visa\/#II_En_cas_dabsence_de_reponse_la_demande_de_communication_des_motifs_du_refus\" >II. En cas d\u2019absence de r\u00e9ponse : la demande de communication des motifs du refus<\/a><\/li><li class='ez-toc-page-1 ez-toc-heading-level-2'><a class=\"ez-toc-link ez-toc-heading-16\" href=\"https:\/\/guide-etudiant-etranger.org\/index.php\/2026\/02\/16\/fiche-2-le-recours-contre-le-refus-de-visa\/#III_Le_recours_contentieux\" >III. Le recours contentieux<\/a><ul class='ez-toc-list-level-3' ><li class='ez-toc-heading-level-3'><a class=\"ez-toc-link ez-toc-heading-17\" href=\"https:\/\/guide-etudiant-etranger.org\/index.php\/2026\/02\/16\/fiche-2-le-recours-contre-le-refus-de-visa\/#Qui_saisir-3\" >Qui saisir ?&nbsp;<\/a><\/li><li class='ez-toc-page-1 ez-toc-heading-level-3'><a class=\"ez-toc-link ez-toc-heading-18\" href=\"https:\/\/guide-etudiant-etranger.org\/index.php\/2026\/02\/16\/fiche-2-le-recours-contre-le-refus-de-visa\/#Qui_peut_saisir\" >Qui peut saisir ?&nbsp;<\/a><\/li><li class='ez-toc-page-1 ez-toc-heading-level-3'><a class=\"ez-toc-link ez-toc-heading-19\" href=\"https:\/\/guide-etudiant-etranger.org\/index.php\/2026\/02\/16\/fiche-2-le-recours-contre-le-refus-de-visa\/#Dans_quels_delais-3\" >Dans quels d\u00e9lais ?&nbsp;<\/a><\/li><li class='ez-toc-page-1 ez-toc-heading-level-3'><a class=\"ez-toc-link ez-toc-heading-20\" href=\"https:\/\/guide-etudiant-etranger.org\/index.php\/2026\/02\/16\/fiche-2-le-recours-contre-le-refus-de-visa\/#Quels_types_de_recours\" >Quels types de recours ?&nbsp;<\/a><\/li><li class='ez-toc-page-1 ez-toc-heading-level-3'><a class=\"ez-toc-link ez-toc-heading-21\" href=\"https:\/\/guide-etudiant-etranger.org\/index.php\/2026\/02\/16\/fiche-2-le-recours-contre-le-refus-de-visa\/#Que_peut_faire_le_tribunal_administratif_de_Nantes\" >Que peut faire le tribunal administratif de Nantes ?&nbsp;<\/a><\/li><li class='ez-toc-page-1 ez-toc-heading-level-3'><a class=\"ez-toc-link ez-toc-heading-22\" href=\"https:\/\/guide-etudiant-etranger.org\/index.php\/2026\/02\/16\/fiche-2-le-recours-contre-le-refus-de-visa\/#Que_faire_en_cas_de_decision_negative_du_tribunal_administratif_de_Nantes\" >Que faire en cas de d\u00e9cision n\u00e9gative du tribunal administratif de Nantes ?&nbsp;<\/a><\/li><li class='ez-toc-page-1 ez-toc-heading-level-3'><a class=\"ez-toc-link ez-toc-heading-23\" href=\"https:\/\/guide-etudiant-etranger.org\/index.php\/2026\/02\/16\/fiche-2-le-recours-contre-le-refus-de-visa\/#Dans_quels_cas_le_juge_administratif_a_demande_aux_autorites_consulaires_de_reexaminer_la_demande_de_visa\" >Dans quels cas le juge administratif a demand\u00e9 aux autorit\u00e9s consulaires de r\u00e9examiner la demande de visa ?<\/a><\/li><\/ul><\/li><\/ul><\/li><\/ul><\/nav><\/div>\n\n\n\n\n<p>Le refus de visa est une d\u00e9cision administrative, car pris par une autorit\u00e9 administrative, le consulat. Elle doit \u00eatre contest\u00e9e devant le juge qui contr\u00f4le la l\u00e9galit\u00e9 des d\u00e9cisions administratives, le juge administratif. Toutefois, avant de pouvoir saisir le juge administratif, l\u2019\u00e9tudiant\u22c5e va devoir au pr\u00e9alable s\u2019adresser \u00e0 l\u2019administration \u00e0 nouveau.<\/p>\n\n\n\n<h2 class=\"wp-block-heading\"><span class=\"ez-toc-section\" id=\"I_En_cas_de_refus_de_visa_le_recours_administratif_prealable_obligatoire\"><\/span>I. En cas de refus de visa : le recours administratif pr\u00e9alable obligatoire\u00a0<span class=\"ez-toc-section-end\"><\/span><\/h2>\n\n\n\n<p>Avant de pouvoir contester la d\u00e9cision de refus de visa devant le tribunal administratif, l\u2019\u00e9tudiant\u22c5e doit faire un recours administratif pr\u00e9alable obligatoire. Cela signifie qu\u2019il ou elle est oblig\u00e9<strong>\u00b7<\/strong>e de saisir l\u2019administration avant de pouvoir saisir un juge administratif. En effet, si l\u2019\u00e9tudiant<strong>\u00b7<\/strong>e saisit le juge administratif sans avoir saisi au pr\u00e9alable la Commission de recours contre les refus de visa d\u2019entr\u00e9e en France&nbsp; (CRRV), le recours devant le juge administratif sera consid\u00e9r\u00e9 comme irrecevable et le juge administratif ne pourra pas se prononcer.&nbsp;<\/p>\n\n\n\n<p>Il est n\u00e9cessaire de faire la distinction entre :\u00a0<\/p>\n\n\n\n<ul class=\"wp-block-list\">\n<li>Les refus de visas de long s\u00e9jour ;&nbsp;<\/li>\n\n\n\n<li>Les refus de visas de court s\u00e9jour.&nbsp;<\/li>\n<\/ul>\n\n\n\n<h3 class=\"wp-block-heading\"><span class=\"ez-toc-section\" id=\"%3E_Le_visa_de_long_sejour\"><\/span><strong>&gt; Le visa de long s\u00e9jour&nbsp;<\/strong><span class=\"ez-toc-section-end\"><\/span><\/h3>\n\n\n\n<h4 class=\"wp-block-heading\"><span class=\"ez-toc-section\" id=\"Qui_saisir\"><\/span><strong><em>Qui saisir ?&nbsp;<\/em><\/strong><span class=\"ez-toc-section-end\"><\/span><\/h4>\n\n\n\n<p>La Commission de recours contre les refus de visa d\u2019entr\u00e9e en France (CRRV \u2013 BP 83609, 44036 Nantes Cedex 1). Elle est plac\u00e9e aupr\u00e8s du ministre des affaires \u00e9trang\u00e8res et du ministre charg\u00e9 de l\u2019immigration.&nbsp;<\/p>\n\n\n\n<h4 class=\"wp-block-heading\"><span class=\"ez-toc-section\" id=\"Qui_peut_saisir_la_CRRV\"><\/span><strong><em>Qui peut saisir la CRRV ?&nbsp;<\/em><\/strong><span class=\"ez-toc-section-end\"><\/span><\/h4>\n\n\n\n<p>Le recours peut \u00eatre introduit par la personne concern\u00e9e, par un ou une mandataire habilit\u00e9e, par toute autre personne justifiant d\u2019un int\u00e9r\u00eat (par exemple : le repr\u00e9sentant l\u00e9gal de l\u2019enfant mineur, le signataire de l\u2019attestation d\u2019accueil r\u00e9sidant en France). Le recours doit \u00eatre r\u00e9dig\u00e9 en fran\u00e7ais. Le recours \u00e0 un\u00b7e avocat\u00b7e est facultatif.<\/p>\n\n\n\n<h4 class=\"wp-block-heading\"><span class=\"ez-toc-section\" id=\"Dans_quels_delais\"><\/span><strong><em>Dans quels d\u00e9lais ?&nbsp;<\/em><\/strong><span class=\"ez-toc-section-end\"><\/span><\/h4>\n\n\n\n<figure class=\"wp-block-table\"><table class=\"has-fixed-layout\"><tbody><tr><td>A compter du refus explicite de visa (date de r\u00e9ception de la d\u00e9cision)<\/td><td>En l\u2019absence de d\u00e9cision (une d\u00e9cision implicite de rejet na\u00eet au bout de 2 mois suivant le d\u00e9p\u00f4t de la demande)&nbsp;<\/td><\/tr><tr><td><strong>Si les voies et d\u00e9lais de recours sont pr\u00e9cis\u00e9s dans la d\u00e9cision<\/strong> : 30 jours pour contester ce refus par un recours devant la CRRV.<br><strong>Si les voies et d\u00e9lais de recours ne sont pas pr\u00e9cis\u00e9s dans la d\u00e9cision <\/strong>: d\u00e9lai raisonnable d\u2019un an pour contester ce refus devant la CRRV.&nbsp;<\/td><td><strong>Si l\u2019\u00e9tudiant\u00b7e a \u00e9t\u00e9 inform\u00e9\u00b7e des voies et d\u00e9lais de recours<\/strong> : 30 jours pour contester ce refus par un recours aupr\u00e8s de la CRRV.&nbsp;<br><strong>Dans le cas d\u2019une d\u00e9cision implicite de rejet, les voies et d\u00e9lais de recours ne sont pas souvent mentionn\u00e9s<\/strong> : d\u00e9lai raisonnable d\u2019un an pour contester ce refus devant la CRRV.&nbsp;<br><strong>Dans le cas o\u00f9 l\u2019\u00e9tudiant\u00b7e a demand\u00e9 la communication des motifs de la d\u00e9cision<\/strong> :&nbsp;30 jours \u00e0 partir de la date de la r\u00e9ception des motifs ;&nbsp;30 jours \u00e0 partir de sa demande de communication des motifs du rejet de visa en cas d\u2019absence de r\u00e9ponse \u00e0 sa demande.&nbsp;<\/td><\/tr><\/tbody><\/table><\/figure>\n\n\n\n<figure class=\"wp-block-table\"><table class=\"has-fixed-layout\"><tbody><tr><td><a href=\"http:\/\/www.gisti.org\/spip.php?article1281\">Mod\u00e8le de recours devant la commission des recours contre les refus de visa (CRRV)<\/a><\/td><\/tr><\/tbody><\/table><\/figure>\n\n\n\n<h4 class=\"wp-block-heading\"><span class=\"ez-toc-section\" id=\"Quelles_consequences_en_cas_de_non_saisine_de_la_CRRV\"><\/span><strong><em>Quelles cons\u00e9quences en cas de non saisine de la CRRV ?&nbsp;<\/em><\/strong><span class=\"ez-toc-section-end\"><\/span><\/h4>\n\n\n\n<p>La commission doit obligatoirement \u00eatre saisie avant tout recours devant une juridiction administrative. L\u2019absence de saisine de la CRRV emp\u00eache de contester la d\u00e9cision de refus de visa devant une juridiction administrative.&nbsp;<\/p>\n\n\n\n<h4 class=\"wp-block-heading\"><span class=\"ez-toc-section\" id=\"Que_peut_faire_la_CRRV\"><\/span><strong><em>Que peut faire la CRRV ?&nbsp;<\/em><\/strong><span class=\"ez-toc-section-end\"><\/span><\/h4>\n\n\n\n<p>Elle dispose de deux pouvoirs :&nbsp;<\/p>\n\n\n\n<ul class=\"wp-block-list\">\n<li>Rejeter le recours form\u00e9 par l\u2019\u00e9tranger\u00b7e de fa\u00e7on expresse (d\u00e9cision de rejet notifi\u00e9e \u00e0 l\u2019int\u00e9ress\u00e9\u00b7e) ou de fa\u00e7on implicite (l\u2019absence de r\u00e9ponse dans un d\u00e9lai de 2 mois) ;&nbsp;<\/li>\n\n\n\n<li>Accueillir favorablement le recours de l\u2019\u00e9tudiant\u00b7e et recommander aux ministres des affaires \u00e9trang\u00e8res (MAE) et de l\u2019immigration (MI) d\u2019accorder le visa demand\u00e9.&nbsp;<\/li>\n<\/ul>\n\n\n\n<p><strong>Remarque <\/strong>: l\u2019avis de la CRRV ne lie pas le MAE et le MI qui peuvent rejeter le recours m\u00eame en cas d\u2019avis positif de la CRRV.&nbsp;<\/p>\n\n\n\n<h3 class=\"wp-block-heading\"><span class=\"ez-toc-section\" id=\"%3E_Le_visa_de_court_sejour\"><\/span><strong>&gt; Le visa de court s\u00e9jour&nbsp;<\/strong><span class=\"ez-toc-section-end\"><\/span><\/h3>\n\n\n\n<p>De mani\u00e8re g\u00e9n\u00e9rale, les \u00e9tudiant\u00b7es \u00e9tranger\u00b7es ne viennent pas en France avec un visa de court s\u00e9jour. En effet, la dur\u00e9e de ce visa est de trois mois et il ne permet donc pas \u00e0 un ou une \u00e9tudiant.e \u00e9tranger\u00b7e de venir s\u2019installer en France pour suivre des \u00e9tudes.&nbsp;<\/p>\n\n\n\n<h4 class=\"wp-block-heading\"><span class=\"ez-toc-section\" id=\"Qui_saisir-2\"><\/span><strong><em>Qui saisir ?&nbsp;<\/em><\/strong><span class=\"ez-toc-section-end\"><\/span><\/h4>\n\n\n\n<p>Le sous-directeur ou la sous-directrice des visas (Direction g\u00e9n\u00e9rale des \u00e9trangers en France \u2013 Sous-direction des visas, 11 rue de la Maison-Blanche \u2013 44036 Nantes Cedex 01).&nbsp;<\/p>\n\n\n\n<h4 class=\"wp-block-heading\"><span class=\"ez-toc-section\" id=\"Qui_peut_saisir_le_sous-directeur_des_visas\"><\/span><strong><em>Qui peut saisir le sous-directeur des visas ?&nbsp;<\/em><\/strong><span class=\"ez-toc-section-end\"><\/span><\/h4>\n\n\n\n<p>Le recours peut \u00eatre introduit par la personne concern\u00e9e, par un ou une mandataire habilit\u00e9e, par toute autre personne justifiant d\u2019un int\u00e9r\u00eat (le repr\u00e9sentant l\u00e9gal de l\u2019enfant mineur qui demande le visa, le signataire de l\u2019attestation d\u2019accueil r\u00e9sidant en France). Le recours doit \u00eatre r\u00e9dig\u00e9 en fran\u00e7ais. Le recours \u00e0 un\u22c5e avocat\u22c5e est facultatif.<\/p>\n\n\n\n<h4 class=\"wp-block-heading\"><span class=\"ez-toc-section\" id=\"Dans_quels_delais-2\"><\/span><strong><em>Dans quels d\u00e9lais ?&nbsp;<\/em><\/strong><span class=\"ez-toc-section-end\"><\/span><\/h4>\n\n\n\n<figure class=\"wp-block-table\"><table class=\"has-fixed-layout\"><tbody><tr><td>A compter du refus explicite de visa (date de r\u00e9ception de la d\u00e9cision)<\/td><td>En l\u2019absence de d\u00e9cision (une d\u00e9cision implicite de rejet na\u00eet au bout de 2 mois suivant le d\u00e9p\u00f4t de la demande)&nbsp;<\/td><\/tr><tr><td><strong>Si les voies et d\u00e9lais de recours sont pr\u00e9cis\u00e9s dans la d\u00e9cision<\/strong> : 30 jours pour contester ce refus par un recours devant le sous-directeur des visas.<br><strong>Si les voies et d\u00e9lais de recours ne sont pas pr\u00e9cis\u00e9s dans la d\u00e9cision <\/strong>: d\u00e9lai raisonnable d\u2019un an pour contester ce refus devant le sous-directeur des visas.&nbsp;<\/td><td><strong>Si l\u2019\u00e9tudiant\u00b7e a \u00e9t\u00e9 inform\u00e9\u00b7e des voies et d\u00e9lais de recours<\/strong> : 30 jours pour contester le refus par un recours aupr\u00e8s du sous-directeur des visas.&nbsp;<br><strong>Dans le cas d\u2019une d\u00e9cision implicite de rejet, les voies et d\u00e9lais de recours ne sont pas souvent mentionn\u00e9s<\/strong> : d\u00e9lai raisonnable d\u2019un an pour contester le refus aupr\u00e8s du sous-directeur des visas.&nbsp;<br><strong>Dans le cas o\u00f9 l\u2019\u00e9tudiant\u00b7e a demand\u00e9 la communication des motifs de la d\u00e9cision<\/strong> :&nbsp;30 jours \u00e0 partir de la date de la r\u00e9ception des motifs ;&nbsp;30 jours \u00e0 partir de sa demande de communication des motifs du rejet de visa en cas d\u2019absence de r\u00e9ponse \u00e0 sa demande.&nbsp;<\/td><\/tr><\/tbody><\/table><\/figure>\n\n\n\n<h4 class=\"wp-block-heading\"><span class=\"ez-toc-section\" id=\"Quelles_consequences_en_cas_de_non_saisine_du_sous-directeur_des_visas\"><\/span><strong><em>Quelles cons\u00e9quences en cas de non saisine du sous-directeur des visas ?&nbsp;<\/em><\/strong><span class=\"ez-toc-section-end\"><\/span><\/h4>\n\n\n\n<p>Le sous-directeur doit obligatoirement \u00eatre saisi avant tout recours devant une juridiction administrative. L\u2019absence de saisine du sous directeur de la DGEF emp\u00eache ensuite de contester la d\u00e9cision de refus de visa devant une juridiction administrative.&nbsp;<\/p>\n\n\n\n<h4 class=\"wp-block-heading\"><span class=\"ez-toc-section\" id=\"Que_peut_faire_le_sous-directeur_des_visas_de_la_DGEF\"><\/span><strong><em>Que peut faire le sous-directeur des visas de la DGEF ?&nbsp;<\/em><\/strong><span class=\"ez-toc-section-end\"><\/span><\/h4>\n\n\n\n<p>Il dispose d\u2019un pouvoir plus \u00e9tendu que la CRRV car il peut :<\/p>\n\n\n\n<ul class=\"wp-block-list\">\n<li>Donner instruction \u00e0 l\u2019autorit\u00e9 diplomatique ou consulaire saisie de la demande initiale de d\u00e9livrer le visa de court s\u00e9jour ou l\u2019autorisation de voyage sollicit\u00e9e.<\/li>\n<\/ul>\n\n\n\n<h2 class=\"wp-block-heading\"><span class=\"ez-toc-section\" id=\"II_En_cas_dabsence_de_reponse_la_demande_de_communication_des_motifs_du_refus\"><\/span>II. En cas d\u2019absence de r\u00e9ponse : la demande de communication des motifs du refus<span class=\"ez-toc-section-end\"><\/span><\/h2>\n\n\n\n<p>L\u2019administration doit respecter l\u2019obligation de motivation qui doit \u00eatre \u00ab&nbsp;\u00e9crite et comporter l\u2019\u00e9nonc\u00e9 des consid\u00e9rations de droit et de fait qui constituent le fondement de la d\u00e9cision&nbsp;\u00bb<sup data-fn=\"5d31636c-f771-41eb-a56f-d5338c1dea14\" class=\"fn\"><a href=\"#5d31636c-f771-41eb-a56f-d5338c1dea14\" id=\"5d31636c-f771-41eb-a56f-d5338c1dea14-link\">1<\/a><\/sup>.<\/p>\n\n\n\n<p>Toutefois, si le consulat n\u2019a pas r\u00e9pondu express\u00e9ment, par une lettre notifi\u00e9e \u00e0 l\u2019\u00e9tudiant\u22c5e, la demande doit \u00eatre consid\u00e9r\u00e9e comme rejet\u00e9e implicitement \u00e0 l\u2019issue d\u2019un d\u00e9lai de deux mois suivant la date de d\u00e9p\u00f4t.<\/p>\n\n\n\n<p>Dans ce cas, l\u2019\u00e9tudiant\u00b7e peut adresser une demande de communication des motifs dans le d\u00e9lai de 30 jours.<\/p>\n\n\n\n<figure class=\"wp-block-table\"><table class=\"has-fixed-layout\"><tbody><tr><td><strong>En l\u2019absence de r\u00e9ponse<\/strong> dans un d\u00e9lai d\u2019un mois \u00e0 compter de cette demande la d\u00e9cision sera consid\u00e9r\u00e9e comme ill\u00e9gale.<\/td><td>L\u2019\u00e9tudiant<strong>\u00b7<\/strong>e pourra l\u2019attaquer devant le juge administratif pour en demander l\u2019annulation.&nbsp;<br>L\u2019\u00e9tudiant\u22c5e dispose d\u2019un d\u00e9lai raisonnable de <strong>30 jours pour saisir le juge<\/strong> \u00e0 partir de la date \u00e0 laquelle il a envoy\u00e9 sa demande de communication des motifs.<\/td><\/tr><tr><td><strong>Le consulat communique les motifs<\/strong> avant l\u2019expiration du d\u00e9lai (30 jours).<\/td><td>L\u2019\u00e9tudiant\u22c5e a <strong>30 jours pour saisir la CRRV <\/strong>\u00e0 partir de la date de la r\u00e9ponse du consulat.<br><\/td><\/tr><\/tbody><\/table><\/figure>\n\n\n\n<h2 class=\"wp-block-heading\"><span class=\"ez-toc-section\" id=\"III_Le_recours_contentieux\"><\/span>III. Le recours contentieux<span class=\"ez-toc-section-end\"><\/span><\/h2>\n\n\n\n<h3 class=\"wp-block-heading\"><span class=\"ez-toc-section\" id=\"Qui_saisir-3\"><\/span><strong><em>Qui saisir ?&nbsp;<\/em><\/strong><span class=\"ez-toc-section-end\"><\/span><\/h3>\n\n\n\n<p>Le tribunal administratif de Nantes est le seul tribunal administratif comp\u00e9tent en mati\u00e8re de contentieux des demandes de visa.&nbsp;<\/p>\n\n\n\n<h3 class=\"wp-block-heading\"><span class=\"ez-toc-section\" id=\"Qui_peut_saisir\"><\/span><strong><em>Qui peut saisir ?&nbsp;<\/em><\/strong><span class=\"ez-toc-section-end\"><\/span><\/h3>\n\n\n\n<p>Il faut avoir un int\u00e9r\u00eat \u00e0 agir : la personne qui a demand\u00e9 le visa elle-m\u00eame, son repr\u00e9sentant l\u00e9gal ou encore le signataire de l\u2019attestation d\u2019accueil r\u00e9sidant en France notamment.&nbsp;<\/p>\n\n\n\n<p>Le recours \u00e0 un\u00b7e avocat\u00b7e est facultatif. N\u00e9anmoins, il est tr\u00e8s fortement recommand\u00e9 d\u2019\u00eatre conseill\u00e9 par un\u00b7e avocat\u00b7e, une association ou un collectif.&nbsp;<\/p>\n\n\n\n<h3 class=\"wp-block-heading\"><span class=\"ez-toc-section\" id=\"Dans_quels_delais-3\"><\/span><strong><em>Dans quels d\u00e9lais ?&nbsp;<\/em><\/strong><span class=\"ez-toc-section-end\"><\/span><\/h3>\n\n\n\n<p>L\u2019\u00e9tranger\u00b7e dispose d\u2019un d\u00e9lai de 2 mois pour saisir le tribunal administratif de Nantes. Le d\u00e9lai n\u2019est pas modulable en fonction du lieu de r\u00e9sidence de l\u2019int\u00e9ress\u00e9\u00b7e.&nbsp;<\/p>\n\n\n\n<p>Il s\u2019agit de 2 mois \u00e0 compter de la d\u00e9cision implicite ou expresse de la CRRV ou du sous-directeur de la DGEF.&nbsp;<\/p>\n\n\n\n<h3 class=\"wp-block-heading\"><span class=\"ez-toc-section\" id=\"Quels_types_de_recours\"><\/span><strong><em>Quels types de recours ?&nbsp;<\/em><\/strong><span class=\"ez-toc-section-end\"><\/span><\/h3>\n\n\n\n<figure class=\"wp-block-table\"><table class=\"has-fixed-layout\"><tbody><tr><td><strong>Recours en annulation&nbsp;<\/strong>Objectif : demander au juge d\u2019enjoindre \u00e0 l\u2019administration de d\u00e9livrer le visa refus\u00e9 ill\u00e9galement&nbsp;<\/td><td><strong>Recours en r\u00e9f\u00e9r\u00e9 suspension&nbsp;<\/strong>Objectif : obtenir dans des d\u00e9lais tr\u00e8s brefs (environ 2 semaines) la suspension de la d\u00e9cision de refus&nbsp;<\/td><\/tr><tr><td>L\u2019\u00e9tudiant\u00b7e doit introduire un <strong>recours en annulation<\/strong> de la d\u00e9cision implicite ou expresse de la CRRV ou du sous-directeur de la DGEF.<\/td><td>Il est conseill\u00e9 en parall\u00e8le d\u2019introduire un <strong>recours en r\u00e9f\u00e9r\u00e9-suspension<\/strong> de cette d\u00e9cision.&nbsp;<br>Pour cela l\u2019\u00e9tudiant\u00b7e doit prouver qu\u2019il ou elle se trouve dans une situation d\u2019urgence, par exemple, le fait que la date de la rentr\u00e9e universitaire soit proche.<br>Il est possible de d\u00e9poser une requ\u00eate en r\u00e9f\u00e9r\u00e9-suspension sans attendre que la CRRV ait rendu sa d\u00e9cision sur le recours pr\u00e9alable. Dans ce cas, la saisine de la CRRV vaut recours en annulation. L\u2019\u00e9tudiant\u00b7e doit produire une copie du recours pour prouver que la CRRV a bien \u00e9t\u00e9 saisie.&nbsp;&nbsp;<\/td><\/tr><\/tbody><\/table><\/figure>\n\n\n\n<h3 class=\"wp-block-heading\"><span class=\"ez-toc-section\" id=\"Que_peut_faire_le_tribunal_administratif_de_Nantes\"><\/span><strong><em>Que peut faire le tribunal administratif de Nantes ?&nbsp;<\/em><\/strong><span class=\"ez-toc-section-end\"><\/span><\/h3>\n\n\n\n<p>Le tribunal administratif de Nantes peut :&nbsp;<\/p>\n\n\n\n<ul class=\"wp-block-list\">\n<li>Confirmer la d\u00e9cision de rejet de la CRRV ou du sous directeur de la DGEF ;<\/li>\n\n\n\n<li>Donner raison aux requ\u00e9rant\u00b7es et annuler la d\u00e9cision de la CRRV ou du sous-directeur de la DGEF.&nbsp;<\/li>\n<\/ul>\n\n\n\n<p>Seul&nbsp; le jugement au fond peut d\u00e9boucher sur l\u2019annulation de la d\u00e9cision, accompagn\u00e9 le cas \u00e9ch\u00e9ant de l\u2019injonction de d\u00e9livrer le visa. Le ou le juge des r\u00e9f\u00e9r\u00e9s peut toutefois suspendre les effets du refus s\u2019il reconna\u00eet qu\u2019il y a urgence et si les motifs invoqu\u00e9s lui paraissent cr\u00e9er un doute s\u00e9rieux sur la l\u00e9galit\u00e9 de cette d\u00e9cision.<\/p>\n\n\n\n<h3 class=\"wp-block-heading\"><span class=\"ez-toc-section\" id=\"Que_faire_en_cas_de_decision_negative_du_tribunal_administratif_de_Nantes\"><\/span><strong><em>Que faire en cas de d\u00e9cision n\u00e9gative du tribunal administratif de Nantes ?&nbsp;<\/em><\/strong><span class=\"ez-toc-section-end\"><\/span><\/h3>\n\n\n\n<ul class=\"wp-block-list\">\n<li>Pour les visas de long s\u00e9jour : la d\u00e9cision du tribunal administratif de Nantes peut \u00eatre contest\u00e9e en appel devant la Cour administrative d\u2019appel de Nantes puis en cassation devant le Conseil d\u2019\u00c9tat ;&nbsp;<\/li>\n\n\n\n<li>Pour les visas de court s\u00e9jour : il n\u2019est pas possible de faire appel de la d\u00e9cision du tribunal administratif devant la Cour administrative d\u2019appel. En effet, le tribunal administratif juge en premier et dernier ressort. Toutefois, il est toujours possible de se pourvoir en cassation devant le Conseil d\u2019\u00c9tat.<\/li>\n<\/ul>\n\n\n\n<h3 class=\"wp-block-heading\"><span class=\"ez-toc-section\" id=\"Dans_quels_cas_le_juge_administratif_a_demande_aux_autorites_consulaires_de_reexaminer_la_demande_de_visa\"><\/span><strong><em>Dans quels cas le juge administratif a demand\u00e9 aux autorit\u00e9s consulaires de r\u00e9examiner la demande de visa ?<\/em><\/strong><span class=\"ez-toc-section-end\"><\/span><\/h3>\n\n\n\n<p>Parfois, le juge administratif annule ou suspend les refus de visas lorsque les autorit\u00e9s consulaires n\u2019ont pas respect\u00e9 le droit ou lorsqu\u2019elles ont fait une erreur manifeste d\u2019appr\u00e9ciation de la situation de l\u2019\u00e9tudiant\u00b7e.&nbsp;<\/p>\n\n\n\n<p>Par exemple, cela a \u00e9t\u00e9 le cas lorsque les autorit\u00e9s consulaires ont consid\u00e9r\u00e9 que la demande de visa d\u2019un \u00e9tudiant \u00e9tranger risquait d\u2019\u00eatre d\u00e9tourn\u00e9e de son objet \u00e0 cause de la pr\u00e9sence du p\u00e8re gravement malade de l\u2019\u00e9tudiant en France sans avoir appr\u00e9ci\u00e9 la coh\u00e9rence du projet scolaire de l\u2019\u00e9tudiant.&nbsp;<\/p>\n\n\n\n<hr class=\"wp-block-separator has-alpha-channel-opacity\"\/>\n\n\n\n<p><strong>Attention ! <\/strong>Depuis la loi \u201cDarmanin\u201d du 26 janvier 2024, la d\u00e9livrance des visas de court s\u00e9jour et de long s\u00e9jour est exclue pour les personne ayant fait l\u2019objet d\u2019une OQTF (obligation de quitter le territoire) au cours des cinq ann\u00e9es pr\u00e9c\u00e9dant la demande de visa et qui n\u2019ont pas quitt\u00e9 le territoire fran\u00e7ais dans le d\u00e9lai de d\u00e9part volontaire (un mois qui leur avait \u00e9t\u00e9 accord\u00e9) ou qui n\u2019avaient pas b\u00e9n\u00e9fici\u00e9 de ce d\u00e9lai.<\/p>\n\n\n\n<figure class=\"wp-block-table\"><table class=\"has-fixed-layout\"><tbody><tr><td>Pour trouver des d\u00e9cisions de justice et avoir des exemples, il est possible de consulter le site <a href=\"http:\/\/www.dequeldroit.fr\/\">Dequeldroit<\/a>. Ce site r\u00e9pertorie et classe la jurisprudence significative en mati\u00e8re de droit des \u00e9trangers. La rubrique concernant le visa de long s\u00e9jour \u201c\u00e9tudiant\u201d a \u00e9t\u00e9 actualis\u00e9e en&nbsp; f\u00e9vrier 2023.<\/td><\/tr><\/tbody><\/table><\/figure>\n\n\n\n<p><\/p>\n\n\n<ol class=\"wp-block-footnotes\"><li id=\"5d31636c-f771-41eb-a56f-d5338c1dea14\">Code des relations entre le public et l\u2019administration, art. L. 211-5. <a href=\"#5d31636c-f771-41eb-a56f-d5338c1dea14-link\" aria-label=\"Aller \u00e0 la note de bas de page 1\">\u21a9\ufe0e<\/a><\/li><\/ol>","protected":false},"excerpt":{"rendered":"<p>Fiche 2 \u2013 Le recours contre le refus de visa Le refus de visa est une d\u00e9cision administrative, car pris par une autorit\u00e9 administrative, le consulat. Elle doit \u00eatre contest\u00e9e devant le juge qui contr\u00f4le la l\u00e9galit\u00e9 des d\u00e9cisions administratives, le juge administratif. Toutefois, avant de pouvoir saisir le juge administratif, l\u2019\u00e9tudiant\u22c5e va devoir au [&hellip;]<\/p>\n","protected":false},"author":6,"featured_media":0,"comment_status":"closed","ping_status":"closed","sticky":false,"template":"","format":"standard","meta":{"footnotes":"[{\"content\":\"Code des relations entre le public et l\u2019administration, art. L. 211-5.\",\"id\":\"5d31636c-f771-41eb-a56f-d5338c1dea14\"}]"},"categories":[1],"tags":[],"class_list":["post-228","post","type-post","status-publish","format-standard","hentry","category-non-classe"],"_links":{"self":[{"href":"https:\/\/guide-etudiant-etranger.org\/index.php\/wp-json\/wp\/v2\/posts\/228","targetHints":{"allow":["GET"]}}],"collection":[{"href":"https:\/\/guide-etudiant-etranger.org\/index.php\/wp-json\/wp\/v2\/posts"}],"about":[{"href":"https:\/\/guide-etudiant-etranger.org\/index.php\/wp-json\/wp\/v2\/types\/post"}],"author":[{"embeddable":true,"href":"https:\/\/guide-etudiant-etranger.org\/index.php\/wp-json\/wp\/v2\/users\/6"}],"replies":[{"embeddable":true,"href":"https:\/\/guide-etudiant-etranger.org\/index.php\/wp-json\/wp\/v2\/comments?post=228"}],"version-history":[{"count":17,"href":"https:\/\/guide-etudiant-etranger.org\/index.php\/wp-json\/wp\/v2\/posts\/228\/revisions"}],"predecessor-version":[{"id":721,"href":"https:\/\/guide-etudiant-etranger.org\/index.php\/wp-json\/wp\/v2\/posts\/228\/revisions\/721"}],"wp:attachment":[{"href":"https:\/\/guide-etudiant-etranger.org\/index.php\/wp-json\/wp\/v2\/media?parent=228"}],"wp:term":[{"taxonomy":"category","embeddable":true,"href":"https:\/\/guide-etudiant-etranger.org\/index.php\/wp-json\/wp\/v2\/categories?post=228"},{"taxonomy":"post_tag","embeddable":true,"href":"https:\/\/guide-etudiant-etranger.org\/index.php\/wp-json\/wp\/v2\/tags?post=228"}],"curies":[{"name":"wp","href":"https:\/\/api.w.org\/{rel}","templated":true}]}}