{"id":249,"date":"2026-02-16T22:18:26","date_gmt":"2026-02-16T21:18:26","guid":{"rendered":"https:\/\/guide-etudiant-etranger.org\/?page_id=249"},"modified":"2026-03-10T16:39:07","modified_gmt":"2026-03-10T15:39:07","slug":"fiche-10-sinstaller-en-france-pour-exercer-une-activite-non-salariee-ou-creer-une-entreprise","status":"publish","type":"post","link":"https:\/\/guide-etudiant-etranger.org\/index.php\/2026\/02\/16\/fiche-10-sinstaller-en-france-pour-exercer-une-activite-non-salariee-ou-creer-une-entreprise\/","title":{"rendered":"Fiche 10 \u2013 s\u2019installer en France pour exercer une activit\u00e9 non salari\u00e9e ou cr\u00e9er une entreprise\u00a0"},"content":{"rendered":"\n<h1 class=\"wp-block-heading is-style-text-display has-base-color has-text-color has-background has-x-large-font-size is-style-text-display--1\" style=\"background-color:#531d91;padding-top:var(--wp--preset--spacing--30);padding-right:var(--wp--preset--spacing--30);padding-bottom:var(--wp--preset--spacing--30);padding-left:var(--wp--preset--spacing--30)\"><span class=\"ez-toc-section\" id=\"Fiche_10_%E2%80%93_sinstaller_en_France_pour_exercer_une_activite_non_salariee_ou_creer_une_entreprise\"><\/span>Fiche 10 \u2013 s\u2019installer en France pour exercer une activit\u00e9 non salari\u00e9e ou cr\u00e9er une entreprise<span class=\"ez-toc-section-end\"><\/span><\/h1><div id=\"ez-toc-container\" class=\"ez-toc-v2_0_81 ez-toc-wrap-left counter-hierarchy ez-toc-counter ez-toc-transparent ez-toc-container-direction\">\n<div class=\"ez-toc-title-container\">\n<p class=\"ez-toc-title\" style=\"cursor:inherit\">Sommaire<\/p>\n<span class=\"ez-toc-title-toggle\"><a href=\"#\" class=\"ez-toc-pull-right ez-toc-btn ez-toc-btn-xs ez-toc-btn-default ez-toc-toggle\" aria-label=\"Toggle Table of Content\"><span class=\"ez-toc-js-icon-con\"><span class=\"\"><span class=\"eztoc-hide\" style=\"display:none;\">Toggle<\/span><span class=\"ez-toc-icon-toggle-span\"><svg style=\"fill: #999;color:#999\" xmlns=\"http:\/\/www.w3.org\/2000\/svg\" class=\"list-377408\" width=\"20px\" height=\"20px\" viewBox=\"0 0 24 24\" fill=\"none\"><path d=\"M6 6H4v2h2V6zm14 0H8v2h12V6zM4 11h2v2H4v-2zm16 0H8v2h12v-2zM4 16h2v2H4v-2zm16 0H8v2h12v-2z\" fill=\"currentColor\"><\/path><\/svg><svg style=\"fill: #999;color:#999\" class=\"arrow-unsorted-368013\" xmlns=\"http:\/\/www.w3.org\/2000\/svg\" width=\"10px\" height=\"10px\" viewBox=\"0 0 24 24\" version=\"1.2\" baseProfile=\"tiny\"><path d=\"M18.2 9.3l-6.2-6.3-6.2 6.3c-.2.2-.3.4-.3.7s.1.5.3.7c.2.2.4.3.7.3h11c.3 0 .5-.1.7-.3.2-.2.3-.5.3-.7s-.1-.5-.3-.7zM5.8 14.7l6.2 6.3 6.2-6.3c.2-.2.3-.5.3-.7s-.1-.5-.3-.7c-.2-.2-.4-.3-.7-.3h-11c-.3 0-.5.1-.7.3-.2.2-.3.5-.3.7s.1.5.3.7z\"\/><\/svg><\/span><\/span><\/span><\/a><\/span><\/div>\n<nav><ul class='ez-toc-list ez-toc-list-level-1 ' ><li class='ez-toc-page-1 ez-toc-heading-level-1'><a class=\"ez-toc-link ez-toc-heading-1\" href=\"https:\/\/guide-etudiant-etranger.org\/index.php\/2026\/02\/16\/fiche-10-sinstaller-en-france-pour-exercer-une-activite-non-salariee-ou-creer-une-entreprise\/#Fiche_10_%E2%80%93_sinstaller_en_France_pour_exercer_une_activite_non_salariee_ou_creer_une_entreprise\" >Fiche 10 \u2013 s\u2019installer en France pour exercer une activit\u00e9 non salari\u00e9e ou cr\u00e9er une entreprise<\/a><ul class='ez-toc-list-level-2' ><li class='ez-toc-heading-level-2'><a class=\"ez-toc-link ez-toc-heading-2\" href=\"https:\/\/guide-etudiant-etranger.org\/index.php\/2026\/02\/16\/fiche-10-sinstaller-en-france-pour-exercer-une-activite-non-salariee-ou-creer-une-entreprise\/#I_Les_conditions_de_delivrance\" >I. Les conditions de d\u00e9livrance<\/a><ul class='ez-toc-list-level-3' ><li class='ez-toc-heading-level-3'><a class=\"ez-toc-link ez-toc-heading-3\" href=\"https:\/\/guide-etudiant-etranger.org\/index.php\/2026\/02\/16\/fiche-10-sinstaller-en-france-pour-exercer-une-activite-non-salariee-ou-creer-une-entreprise\/#1_Lexercice_dune_activite_non_salariee_sur_le_territoire_francais\" >1. L&rsquo;exercice d&rsquo;une activit\u00e9 non salari\u00e9e sur le territoire fran\u00e7ais<\/a><\/li><li class='ez-toc-page-1 ez-toc-heading-level-3'><a class=\"ez-toc-link ez-toc-heading-4\" href=\"https:\/\/guide-etudiant-etranger.org\/index.php\/2026\/02\/16\/fiche-10-sinstaller-en-france-pour-exercer-une-activite-non-salariee-ou-creer-une-entreprise\/#2_Une_activite_economiquement_viable_ou_une_activite_procurant_des_moyens_dexistence_suffisantes\" >2.\u00a0Une activit\u00e9 \u00e9conomiquement viable ou une activit\u00e9 procurant des moyens d&rsquo;existence suffisantes<\/a><\/li><li class='ez-toc-page-1 ez-toc-heading-level-3'><a class=\"ez-toc-link ez-toc-heading-5\" href=\"https:\/\/guide-etudiant-etranger.org\/index.php\/2026\/02\/16\/fiche-10-sinstaller-en-france-pour-exercer-une-activite-non-salariee-ou-creer-une-entreprise\/#3_Une_activite_exercee_dans_le_respect_de_la_legislation_en_vigueur\" >3. Une activit\u00e9 exerc\u00e9e dans le respect de la l\u00e9gislation en vigueur&nbsp;<\/a><\/li><\/ul><\/li><li class='ez-toc-page-1 ez-toc-heading-level-2'><a class=\"ez-toc-link ez-toc-heading-6\" href=\"https:\/\/guide-etudiant-etranger.org\/index.php\/2026\/02\/16\/fiche-10-sinstaller-en-france-pour-exercer-une-activite-non-salariee-ou-creer-une-entreprise\/#II_Le_contenu_du_dossier_a_deposer_a_la_prefecture\" >II. Le contenu du dossier \u00e0 d\u00e9poser \u00e0 la pr\u00e9fecture<\/a><\/li><li class='ez-toc-page-1 ez-toc-heading-level-2'><a class=\"ez-toc-link ez-toc-heading-7\" href=\"https:\/\/guide-etudiant-etranger.org\/index.php\/2026\/02\/16\/fiche-10-sinstaller-en-france-pour-exercer-une-activite-non-salariee-ou-creer-une-entreprise\/#III_Le_depot_de_la_demande\" >III. Le d\u00e9p\u00f4t de la demande<\/a><\/li><li class='ez-toc-page-1 ez-toc-heading-level-2'><a class=\"ez-toc-link ez-toc-heading-8\" href=\"https:\/\/guide-etudiant-etranger.org\/index.php\/2026\/02\/16\/fiche-10-sinstaller-en-france-pour-exercer-une-activite-non-salariee-ou-creer-une-entreprise\/#IV_Les_facilites_accordees_a_certaines_etudiantes_et_etudiants\" >IV. Les facilit\u00e9s accord\u00e9es \u00e0 certaines \u00e9tudiantes et \u00e9tudiants<\/a><ul class='ez-toc-list-level-3' ><li class='ez-toc-heading-level-3'><a class=\"ez-toc-link ez-toc-heading-9\" href=\"https:\/\/guide-etudiant-etranger.org\/index.php\/2026\/02\/16\/fiche-10-sinstaller-en-france-pour-exercer-une-activite-non-salariee-ou-creer-une-entreprise\/#1_La_carte_de_sejour_mention_%C2%AB_recherche_demploi_et_creation_dentreprise_%C2%BB\" >1. La carte de s\u00e9jour mention \u00ab recherche d\u2019emploi et cr\u00e9ation d\u2019entreprise \u00bb<\/a><\/li><li class='ez-toc-page-1 ez-toc-heading-level-3'><a class=\"ez-toc-link ez-toc-heading-10\" href=\"https:\/\/guide-etudiant-etranger.org\/index.php\/2026\/02\/16\/fiche-10-sinstaller-en-france-pour-exercer-une-activite-non-salariee-ou-creer-une-entreprise\/#2_La_delivrance_dune_carte_pluriannuelle_%C2%AB_talent-porteur_de_projet_%C2%BB\" >2. La d\u00e9livrance d\u2019une carte pluriannuelle \u00ab talent-porteur de projet \u00bb<\/a><ul class='ez-toc-list-level-4' ><li class='ez-toc-heading-level-4'><a class=\"ez-toc-link ez-toc-heading-11\" href=\"https:\/\/guide-etudiant-etranger.org\/index.php\/2026\/02\/16\/fiche-10-sinstaller-en-france-pour-exercer-une-activite-non-salariee-ou-creer-une-entreprise\/#Projet_economique_innovant\" >Projet \u00e9conomique innovant<\/a><\/li><li class='ez-toc-page-1 ez-toc-heading-level-4'><a class=\"ez-toc-link ez-toc-heading-12\" href=\"https:\/\/guide-etudiant-etranger.org\/index.php\/2026\/02\/16\/fiche-10-sinstaller-en-france-pour-exercer-une-activite-non-salariee-ou-creer-une-entreprise\/#Investissement_dau_moins_300_000_E_dans_une_entreprise\" >Investissement d\u2019au moins 300 000 \u20ac dans une entreprise<\/a><\/li><\/ul><\/li><\/ul><\/li><\/ul><\/li><\/ul><\/nav><\/div>\n\n\n\n\n<p>L\u2019\u00e9tudiante ou l\u2019\u00e9tudiant \u00e9tranger qui, \u00e0 l&rsquo;issue de ses \u00e9tudes, souhaite s&rsquo;installer \u00e0 son compte ou cr\u00e9er une entreprise doit d\u00e9poser une demande de changement de statut pour obtenir une carte de s\u00e9jour temporaire mention \u00ab entrepreneur\/profession lib\u00e9rale \u00bb<sup data-fn=\"26293c96-d79e-4514-90d5-c39d580d1e64\" class=\"fn\"><a href=\"#26293c96-d79e-4514-90d5-c39d580d1e64\" id=\"26293c96-d79e-4514-90d5-c39d580d1e64-link\">1<\/a><\/sup>.<\/p>\n\n\n\n<h2 class=\"wp-block-heading\"><span class=\"ez-toc-section\" id=\"I_Les_conditions_de_delivrance\"><\/span><strong>I. Les conditions de d\u00e9livrance<\/strong><span class=\"ez-toc-section-end\"><\/span><\/h2>\n\n\n\n<h3 class=\"wp-block-heading\"><span class=\"ez-toc-section\" id=\"1_Lexercice_dune_activite_non_salariee_sur_le_territoire_francais\"><\/span><strong>1. L&rsquo;exercice d&rsquo;une activit\u00e9 non salari\u00e9e sur le territoire fran\u00e7ais<\/strong><span class=\"ez-toc-section-end\"><\/span><\/h3>\n\n\n\n<p>L&rsquo;exercice d&rsquo;une activit\u00e9 non salari\u00e9e implique une immatriculation soit \u00e0 l\u2019Union de recouvrement des cotisations de S\u00e9curit\u00e9 sociale et d&rsquo;allocations familiales (Urssaf) pour les professions lib\u00e9rales, soit au registre du commerce ou des soci\u00e9t\u00e9s pour les activit\u00e9s commer\u00e7antes, soit au r\u00e9pertoire des m\u00e9tiers pour les artisans.<\/p>\n\n\n\n<p>Toute personne exer\u00e7ant une profession sur la base de qualifications appropri\u00e9es, \u00e0 titre personnel, sous sa propre responsabilit\u00e9 et de fa\u00e7on professionnellement ind\u00e9pendante rel\u00e8ve du r\u00e9gime des professions lib\u00e9rales.<\/p>\n\n\n\n<h3 class=\"wp-block-heading\"><span class=\"ez-toc-section\" id=\"2_Une_activite_economiquement_viable_ou_une_activite_procurant_des_moyens_dexistence_suffisantes\"><\/span><strong>2.\u00a0Une activit\u00e9 \u00e9conomiquement viable ou une activit\u00e9 procurant des moyens d&rsquo;existence suffisantes<\/strong><span class=\"ez-toc-section-end\"><\/span><\/h3>\n\n\n\n<p>La personne \u00e9trang\u00e8re souhaitant cr\u00e9er une activit\u00e9 commerciale, artisanale ou lib\u00e9rale doit d\u00e9montrer que son projet est \u00e9conomiquement viable. Si elle souhaite participer \u00e0 une activit\u00e9 d\u00e9j\u00e0 existante, elle doit justifier de la capacit\u00e9 de l&rsquo;entreprise ou de l&rsquo;activit\u00e9 \u00e0 lui procurer des ressources \u00e9quivalentes au Smic (pour un emploi \u00e0 temps plein).<\/p>\n\n\n\n<h3 class=\"wp-block-heading\"><span class=\"ez-toc-section\" id=\"3_Une_activite_exercee_dans_le_respect_de_la_legislation_en_vigueur\"><\/span><strong>3. Une activit\u00e9 exerc\u00e9e dans le respect de la l\u00e9gislation en vigueur&nbsp;<\/strong><span class=\"ez-toc-section-end\"><\/span><\/h3>\n\n\n\n<p>L&rsquo;activit\u00e9 doit \u00eatre compatible avec la s\u00e9curit\u00e9, la salubrit\u00e9 et la tranquillit\u00e9 publiques.<\/p>\n\n\n\n<p>La personne \u00e9trang\u00e8re qui souhaite exercer une activit\u00e9 r\u00e9glement\u00e9e doit \u00e9galement respecter les conditions d&rsquo;exercice et la r\u00e9glementation de la profession dans le secteur concern\u00e9.<\/p>\n\n\n\n<p>Pour l&rsquo;exercice d&rsquo;une activit\u00e9 commerciale, il faudra \u00e9galement justifier de l&rsquo;absence de condamnation ou de d\u00e9cision emportant en France l&rsquo;interdiction d&rsquo;exercer une telle commerciale.<\/p>\n\n\n\n<h2 class=\"wp-block-heading\"><span class=\"ez-toc-section\" id=\"II_Le_contenu_du_dossier_a_deposer_a_la_prefecture\"><\/span><strong>II. Le contenu du dossier \u00e0 d\u00e9poser \u00e0 la pr\u00e9fecture<\/strong><span class=\"ez-toc-section-end\"><\/span><\/h2>\n\n\n\n<p>\u2013 Lorsqu&rsquo;il s&rsquo;agit d&rsquo;une cr\u00e9ation d&rsquo;entreprise, il est demand\u00e9 tous les justificatifs attestant de la viabilit\u00e9 \u00e9conomique du projet.<\/p>\n\n\n\n<p>\u2013 Lorsqu&rsquo;il s&rsquo;agit de la participation \u00e0 une activit\u00e9 d\u00e9j\u00e0 existante, les justificatifs demand\u00e9s sont ceux attestant de l&rsquo;effectivit\u00e9 de l&rsquo;entreprise et de la capacit\u00e9 de cette activit\u00e9 \u00e0 procurer \u00e0 la personne des ressources au moins \u00e9quivalentes au Smic \u00e0 plein temps.<\/p>\n\n\n\n<p>\u2013 Lorsqu&rsquo;il s&rsquo;agit de la cr\u00e9ation d&rsquo;une activit\u00e9 lib\u00e9rale, il faudra produire la preuve de l&rsquo;immatriculation \u00e0 l&rsquo;Urssaf (par exemple : d\u00e9claration de d\u00e9but d&rsquo;activit\u00e9 \u00e0 l&rsquo;Urssaf, Insee, affiliation \u00e0 un ordre professionnel, etc.) et de la capacit\u00e9 de l&rsquo;activit\u00e9 \u00e0 procurer un niveau de ressources au moins \u00e9quivalent \u00e0 un Smic \u00e0 temps plein.<\/p>\n\n\n\n<p>Remarque : si les revenus provenant de l&rsquo;activit\u00e9 ne sont pas \u00e9quivalents \u00e0 un Smic \u00e0 temps plein la premi\u00e8re ann\u00e9e, il faudra alors produire des justificatifs de ressources propres venant compl\u00e9ter ces revenus car la pr\u00e9fecture prendra alors en compte les \u00ab al\u00e9as d&rsquo;un d\u00e9but d&rsquo;activit\u00e9 lib\u00e9rale \u00bb (Guide de r\u00e9glementation du s\u00e9jour et du travail, 2 novembre 2016).<\/p>\n\n\n\n<p>Il faudra \u00e9galement produire les justificatifs li\u00e9s au respect de la r\u00e9glementation en vigueur dans le secteur concern\u00e9.<\/p>\n\n\n\n<p>La pr\u00e9fecture v\u00e9rifie la compatibilit\u00e9 de l&rsquo;activit\u00e9 avec la s\u00e9curit\u00e9, la salubrit\u00e9 et la tranquillit\u00e9 publiques. Cette v\u00e9rification s&rsquo;effectue aupr\u00e8s du maire de la commune.<\/p>\n\n\n\n<h2 class=\"wp-block-heading\"><span class=\"ez-toc-section\" id=\"III_Le_depot_de_la_demande\"><\/span><strong>III. Le d\u00e9p\u00f4t de la demande<\/strong><span class=\"ez-toc-section-end\"><\/span><\/h2>\n\n\n\n<p>La demande doit \u00eatre d\u00e9pos\u00e9e \u00e0 la pr\u00e9fecture du lieu de r\u00e9sidence de la personne dans les 2 mois pr\u00e9c\u00e9dant l&rsquo;expiration de la carte \u00ab \u00e9tudiant \u00bb ou \u00ab \u00e9tudiant \u2013 programme de mobilit\u00e9 \u00bb ou encore \u00ab recherche d&#8217;emploi ou cr\u00e9ation d&rsquo;entreprise \u00bb.<\/p>\n\n\n\n<p>Remarque : les ressortissantes et ressortissants alg\u00e9riens sont exclus du b\u00e9n\u00e9fice de la carte de s\u00e9jour \u00ab entrepreneur\/profession lib\u00e9rale \u00bb.<\/p>\n\n\n\n<h2 class=\"wp-block-heading\"><span class=\"ez-toc-section\" id=\"IV_Les_facilites_accordees_a_certaines_etudiantes_et_etudiants\"><\/span><strong>IV. Les facilit\u00e9s accord\u00e9es \u00e0 certaines \u00e9tudiantes et \u00e9tudiants<\/strong><span class=\"ez-toc-section-end\"><\/span><\/h2>\n\n\n\n<h3 class=\"wp-block-heading\"><span class=\"ez-toc-section\" id=\"1_La_carte_de_sejour_mention_%C2%AB_recherche_demploi_et_creation_dentreprise_%C2%BB\"><\/span><strong>1. La carte de s\u00e9jour mention \u00ab recherche d\u2019emploi et cr\u00e9ation d\u2019entreprise \u00bb<\/strong><span class=\"ez-toc-section-end\"><\/span><\/h3>\n\n\n\n<p>Les \u00e9tudiantes et \u00e9tudiants dipl\u00f4m\u00e9s d&rsquo;un master (ou d&rsquo;un dipl\u00f4me \u00e9quivalent), d\u2019une licence professionnelle ou d\u2019un dipl\u00f4me de niveau I labellis\u00e9 par la Conf\u00e9rence des grandes \u00e9coles peuvent, \u00e0 l\u2019issue de leurs \u00e9tudes, obtenir une carte de s\u00e9jour \u00ab recherche d&#8217;emploi ou cr\u00e9ation d&rsquo;entreprise \u00bb qui va leur permettre de cr\u00e9er leur entreprise pour une dur\u00e9e d\u20191 an.<\/p>\n\n\n\n<h3 class=\"wp-block-heading\"><span class=\"ez-toc-section\" id=\"2_La_delivrance_dune_carte_pluriannuelle_%C2%AB_talent-porteur_de_projet_%C2%BB\"><\/span><strong>2. La d\u00e9livrance d\u2019une carte pluriannuelle \u00ab talent-porteur de projet \u00bb<\/strong><span class=\"ez-toc-section-end\"><\/span><\/h3>\n\n\n\n<p>Certains \u00e9tudiants et \u00e9tudiantes peuvent obtenir une carte de s\u00e9jour \u00ab talent-porteur de projet \u00bb s&rsquo;ils en remplissent les conditions<sup data-fn=\"542c8949-68fa-4e54-be9d-a6a764167295\" class=\"fn\"><a href=\"#542c8949-68fa-4e54-be9d-a6a764167295\" id=\"542c8949-68fa-4e54-be9d-a6a764167295-link\">2<\/a><\/sup>.<\/p>\n\n\n\n<p>Le titre \u00ab talent-porteur de projet \u00bb est d\u00e9livr\u00e9 \u00e0 la personne qui r\u00e9pond \u00e0 une de ces 3 situations :&nbsp;<\/p>\n\n\n\n<ul class=\"wp-block-list\">\n<li>elle a obtenu un dipl\u00f4me \u00e9quivalent au grade de master ou pouvant attester d&rsquo;une exp\u00e9rience professionnelle d&rsquo;au moins cinq ans d&rsquo;un niveau comparable et justifie d&rsquo;un projet \u00e9conomique r\u00e9el et s\u00e9rieux de cr\u00e9ation d\u2019entreprise en France,<\/li>\n<\/ul>\n\n\n\n<ul class=\"wp-block-list\">\n<li>elle justifie d&rsquo;un projet \u00e9conomique innovant, reconnu par un organisme public,<\/li>\n<\/ul>\n\n\n\n<ul class=\"wp-block-list\">\n<li>elle proc\u00e8de \u00e0 un investissement \u00e9conomique direct en France.<\/li>\n<\/ul>\n\n\n\n<p>L\u2019\u00e9tudiant\u00b7e devra demander un avis du minist\u00e8re de l\u2019\u00e9conomie sur le caract\u00e8re r\u00e9el et s\u00e9rieux de son projet de cr\u00e9ation d\u2019entreprise avant de d\u00e9poser sa demande de carte de s\u00e9jour<sup data-fn=\"1e7c5d4a-4338-4764-af6f-c0999672198d\" class=\"fn\"><a href=\"#1e7c5d4a-4338-4764-af6f-c0999672198d\" id=\"1e7c5d4a-4338-4764-af6f-c0999672198d-link\">3<\/a><\/sup>.<\/p>\n\n\n\n<p>La dur\u00e9e de validit\u00e9 de ce titre est d\u00e9termin\u00e9e par la nature, les caract\u00e9ristiques et la dur\u00e9e du projet \u00e9conomique pr\u00e9sent\u00e9, dans la limite d\u2019une dur\u00e9e maximale de 4 ans.<\/p>\n\n\n\n<p>Une fois d\u00e9livr\u00e9, le titre de s\u00e9jour permet l\u2019exercice de l\u2019activit\u00e9 professionnelle commerciale ayant justifi\u00e9 la d\u00e9livrance du titre de s\u00e9jour.<\/p>\n\n\n\n<h4 class=\"wp-block-heading\"><span class=\"ez-toc-section\" id=\"Projet_economique_innovant\"><\/span><strong>Projet \u00e9conomique innovant<\/strong><span class=\"ez-toc-section-end\"><\/span><\/h4>\n\n\n\n<p>Un titre \u00ab talent \u00bb est d\u00e9livr\u00e9 \u00e0 la personne \u00e9trang\u00e8re qui justifie d\u2019un projet \u00e9conomique innovant, reconnu par un organisme public, qu\u2019elle souhaite d\u00e9velopper sur le territoire fran\u00e7ais<sup data-fn=\"8b022388-333b-4e3b-80ce-7327a2dd4cb2\" class=\"fn\"><a href=\"#8b022388-333b-4e3b-80ce-7327a2dd4cb2\" id=\"8b022388-333b-4e3b-80ce-7327a2dd4cb2-link\">4<\/a><\/sup>. Un avis du minist\u00e8re de l\u2019\u00e9conomie sur le caract\u00e8re innovant du projet doit \u00eatre sollicit\u00e9 pr\u00e9alablement au d\u00e9p\u00f4t de la demande de carte de s\u00e9jour<sup data-fn=\"80185579-3cdb-4a72-921d-440ed8d9cb64\" class=\"fn\"><a href=\"#80185579-3cdb-4a72-921d-440ed8d9cb64\" id=\"80185579-3cdb-4a72-921d-440ed8d9cb64-link\">5<\/a><\/sup><\/p>\n\n\n\n<p>En outre, l&rsquo;\u00e9tudiant\u00b7e doit justifier de moyens suffisants d\u2019existence, avec des ressources correspondant au Smic pour un temps plein. Le titre de s\u00e9jour, une fois d\u00e9livr\u00e9, permet l\u2019exercice d\u2019une activit\u00e9 commerciale en lien avec le projet ayant justifi\u00e9 sa d\u00e9livrance.<\/p>\n\n\n\n<h4 class=\"wp-block-heading\"><span class=\"ez-toc-section\" id=\"Investissement_dau_moins_300_000_E_dans_une_entreprise\"><\/span><strong>Investissement d\u2019au moins 300 000 \u20ac dans une entreprise<\/strong><span class=\"ez-toc-section-end\"><\/span><\/h4>\n\n\n\n<p>Le titre \u00ab talent \u00bb est d\u00e9livr\u00e9 \u00e0 la personne qui justifie d\u2019un investissement d\u2019au moins 300 000 \u20ac dans un projet d\u2019entreprise, ce qui peut \u00eatre prouv\u00e9 par l&rsquo;existence d&rsquo;apports sur le compte de la soci\u00e9t\u00e9.<\/p>\n\n\n\n<p>La demande de carte de s\u00e9jour pluriannuelle \u00ab talent-porteur de projet \u00bb doit \u00eatre faite en ligne sur le site de l\u2019Anef, entre le 120<sup>e<\/sup> jour et le 60<sup>e<\/sup> jour avant l\u2019expiration du titre de s\u00e9jour mention \u00ab \u00e9tudiant \u00bb. En cas de d\u00e9p\u00f4t tardif, l\u2019\u00e9tudiant\u00b7e ne pourra pas pr\u00e9tendre \u00e0 une attestation de prolongation de l\u2019instruction si le titre de s\u00e9jour \u00ab \u00e9tudiant \u00bb expire avant la fin de l\u2019instruction de la demande de titre de s\u00e9jour \u00ab talent \u00bb. Dans ce cas, l\u2019\u00e9tudiant\u00b7e ne b\u00e9n\u00e9ficiera que d\u2019une attestation de confirmation de d\u00e9p\u00f4t de la demande de titre, attestation qui est g\u00e9n\u00e9r\u00e9e automatiquement au moment du d\u00e9p\u00f4t mais qui ne justifie pas de la r\u00e9gularit\u00e9 du s\u00e9jour.<\/p>\n\n\n<ol class=\"wp-block-footnotes\"><li id=\"26293c96-d79e-4514-90d5-c39d580d1e64\">Ceseda, article L. 421-5. <a href=\"#26293c96-d79e-4514-90d5-c39d580d1e64-link\" aria-label=\"Aller \u00e0 la note de bas de page 1\">\u21a9\ufe0e<\/a><\/li><li id=\"542c8949-68fa-4e54-be9d-a6a764167295\">Ceseda, article L. 421-16. <a href=\"#542c8949-68fa-4e54-be9d-a6a764167295-link\" aria-label=\"Aller \u00e0 la note de bas de page 2\">\u21a9\ufe0e<\/a><\/li><li id=\"1e7c5d4a-4338-4764-af6f-c0999672198d\">Ceseda, article R. 421-33. <a href=\"#1e7c5d4a-4338-4764-af6f-c0999672198d-link\" aria-label=\"Aller \u00e0 la note de bas de page 3\">\u21a9\ufe0e<\/a><\/li><li id=\"8b022388-333b-4e3b-80ce-7327a2dd4cb2\">Ceseda, article L. 421-16 et article R. 421-34-21. <a href=\"#8b022388-333b-4e3b-80ce-7327a2dd4cb2-link\" aria-label=\"Aller \u00e0 la note de bas de page 4\">\u21a9\ufe0e<\/a><\/li><li id=\"80185579-3cdb-4a72-921d-440ed8d9cb64\">Ceseda, article R. 421-34-1. <a href=\"#80185579-3cdb-4a72-921d-440ed8d9cb64-link\" aria-label=\"Aller \u00e0 la note de bas de page 5\">\u21a9\ufe0e<\/a><\/li><\/ol>","protected":false},"excerpt":{"rendered":"<p>Fiche 10 \u2013 s\u2019installer en France pour exercer une activit\u00e9 non salari\u00e9e ou cr\u00e9er une entreprise L\u2019\u00e9tudiante ou l\u2019\u00e9tudiant \u00e9tranger qui, \u00e0 l&rsquo;issue de ses \u00e9tudes, souhaite s&rsquo;installer \u00e0 son compte ou cr\u00e9er une entreprise doit d\u00e9poser une demande de changement de statut pour obtenir une carte de s\u00e9jour temporaire mention \u00ab entrepreneur\/profession lib\u00e9rale \u00bb. [&hellip;]<\/p>\n","protected":false},"author":6,"featured_media":0,"comment_status":"closed","ping_status":"closed","sticky":false,"template":"","format":"standard","meta":{"footnotes":"[{\"content\":\"Ceseda, article L. 421-5.\",\"id\":\"26293c96-d79e-4514-90d5-c39d580d1e64\"},{\"content\":\"Ceseda, article L. 421-16.\",\"id\":\"542c8949-68fa-4e54-be9d-a6a764167295\"},{\"content\":\"Ceseda, article R. 421-33.\",\"id\":\"1e7c5d4a-4338-4764-af6f-c0999672198d\"},{\"content\":\"Ceseda, article L. 421-16 et article R. 421-34-21.\",\"id\":\"8b022388-333b-4e3b-80ce-7327a2dd4cb2\"},{\"content\":\"Ceseda, article R. 421-34-1.\",\"id\":\"80185579-3cdb-4a72-921d-440ed8d9cb64\"}]"},"categories":[1],"tags":[],"class_list":["post-249","post","type-post","status-publish","format-standard","hentry","category-non-classe"],"_links":{"self":[{"href":"https:\/\/guide-etudiant-etranger.org\/index.php\/wp-json\/wp\/v2\/posts\/249","targetHints":{"allow":["GET"]}}],"collection":[{"href":"https:\/\/guide-etudiant-etranger.org\/index.php\/wp-json\/wp\/v2\/posts"}],"about":[{"href":"https:\/\/guide-etudiant-etranger.org\/index.php\/wp-json\/wp\/v2\/types\/post"}],"author":[{"embeddable":true,"href":"https:\/\/guide-etudiant-etranger.org\/index.php\/wp-json\/wp\/v2\/users\/6"}],"replies":[{"embeddable":true,"href":"https:\/\/guide-etudiant-etranger.org\/index.php\/wp-json\/wp\/v2\/comments?post=249"}],"version-history":[{"count":9,"href":"https:\/\/guide-etudiant-etranger.org\/index.php\/wp-json\/wp\/v2\/posts\/249\/revisions"}],"predecessor-version":[{"id":639,"href":"https:\/\/guide-etudiant-etranger.org\/index.php\/wp-json\/wp\/v2\/posts\/249\/revisions\/639"}],"wp:attachment":[{"href":"https:\/\/guide-etudiant-etranger.org\/index.php\/wp-json\/wp\/v2\/media?parent=249"}],"wp:term":[{"taxonomy":"category","embeddable":true,"href":"https:\/\/guide-etudiant-etranger.org\/index.php\/wp-json\/wp\/v2\/categories?post=249"},{"taxonomy":"post_tag","embeddable":true,"href":"https:\/\/guide-etudiant-etranger.org\/index.php\/wp-json\/wp\/v2\/tags?post=249"}],"curies":[{"name":"wp","href":"https:\/\/api.w.org\/{rel}","templated":true}]}}