{"id":254,"date":"2026-02-16T22:19:08","date_gmt":"2026-02-16T21:19:08","guid":{"rendered":"https:\/\/guide-etudiant-etranger.org\/?page_id=254"},"modified":"2026-03-14T13:58:55","modified_gmt":"2026-03-14T12:58:55","slug":"fiche-12-le-cas-particulier-des-jeunes-majeures-entre-es-en-france-mineur-es","status":"publish","type":"post","link":"https:\/\/guide-etudiant-etranger.org\/index.php\/2026\/02\/16\/fiche-12-le-cas-particulier-des-jeunes-majeures-entre-es-en-france-mineur-es\/","title":{"rendered":"Fiche 12 \u2013 Le cas particulier des jeunes majeur\u22c5es entr\u00e9\u22c5es en France mineur\u22c5es"},"content":{"rendered":"\n<h1 class=\"wp-block-heading is-style-text-display has-base-color has-text-color has-background has-x-large-font-size is-style-text-display--1\" style=\"background-color:#7fa57f;padding-top:var(--wp--preset--spacing--30);padding-right:var(--wp--preset--spacing--30);padding-bottom:var(--wp--preset--spacing--30);padding-left:var(--wp--preset--spacing--30)\"><span class=\"ez-toc-section\" id=\"Fiche_12_%E2%80%93_Le_cas_particulier_des_jeunes_majeur%E2%8B%85es_entre%E2%8B%85es_en_France_mineur%E2%8B%85es\"><\/span>Fiche 12 \u2013 Le cas particulier des jeunes majeur\u22c5es entr\u00e9\u22c5es en France mineur\u22c5es<span class=\"ez-toc-section-end\"><\/span><\/h1><div id=\"ez-toc-container\" class=\"ez-toc-v2_0_81 ez-toc-wrap-left counter-hierarchy ez-toc-counter ez-toc-transparent ez-toc-container-direction\">\n<div class=\"ez-toc-title-container\">\n<p class=\"ez-toc-title\" style=\"cursor:inherit\">Sommaire<\/p>\n<span class=\"ez-toc-title-toggle\"><a href=\"#\" class=\"ez-toc-pull-right ez-toc-btn ez-toc-btn-xs ez-toc-btn-default ez-toc-toggle\" aria-label=\"Toggle Table of Content\"><span class=\"ez-toc-js-icon-con\"><span class=\"\"><span class=\"eztoc-hide\" style=\"display:none;\">Toggle<\/span><span class=\"ez-toc-icon-toggle-span\"><svg style=\"fill: #999;color:#999\" xmlns=\"http:\/\/www.w3.org\/2000\/svg\" class=\"list-377408\" width=\"20px\" height=\"20px\" viewBox=\"0 0 24 24\" fill=\"none\"><path d=\"M6 6H4v2h2V6zm14 0H8v2h12V6zM4 11h2v2H4v-2zm16 0H8v2h12v-2zM4 16h2v2H4v-2zm16 0H8v2h12v-2z\" fill=\"currentColor\"><\/path><\/svg><svg style=\"fill: #999;color:#999\" class=\"arrow-unsorted-368013\" xmlns=\"http:\/\/www.w3.org\/2000\/svg\" width=\"10px\" height=\"10px\" viewBox=\"0 0 24 24\" version=\"1.2\" baseProfile=\"tiny\"><path d=\"M18.2 9.3l-6.2-6.3-6.2 6.3c-.2.2-.3.4-.3.7s.1.5.3.7c.2.2.4.3.7.3h11c.3 0 .5-.1.7-.3.2-.2.3-.5.3-.7s-.1-.5-.3-.7zM5.8 14.7l6.2 6.3 6.2-6.3c.2-.2.3-.5.3-.7s-.1-.5-.3-.7c-.2-.2-.4-.3-.7-.3h-11c-.3 0-.5.1-.7.3-.2.2-.3.5-.3.7s.1.5.3.7z\"\/><\/svg><\/span><\/span><\/span><\/a><\/span><\/div>\n<nav><ul class='ez-toc-list ez-toc-list-level-1 ' ><li class='ez-toc-page-1 ez-toc-heading-level-1'><a class=\"ez-toc-link ez-toc-heading-1\" href=\"https:\/\/guide-etudiant-etranger.org\/index.php\/2026\/02\/16\/fiche-12-le-cas-particulier-des-jeunes-majeures-entre-es-en-france-mineur-es\/#Fiche_12_%E2%80%93_Le_cas_particulier_des_jeunes_majeur%E2%8B%85es_entre%E2%8B%85es_en_France_mineur%E2%8B%85es\" >Fiche 12 \u2013 Le cas particulier des jeunes majeur\u22c5es entr\u00e9\u22c5es en France mineur\u22c5es<\/a><ul class='ez-toc-list-level-2' ><li class='ez-toc-heading-level-2'><a class=\"ez-toc-link ez-toc-heading-2\" href=\"https:\/\/guide-etudiant-etranger.org\/index.php\/2026\/02\/16\/fiche-12-le-cas-particulier-des-jeunes-majeures-entre-es-en-france-mineur-es\/#Lela_jeune_arrive%C2%B7e_en_France_dans_le_cadre_dun_regroupement_familial\" >Le\/la jeune arriv\u00e9\u00b7e en France dans le cadre d\u2019un regroupement familial<\/a><\/li><li class='ez-toc-page-1 ez-toc-heading-level-2'><a class=\"ez-toc-link ez-toc-heading-3\" href=\"https:\/\/guide-etudiant-etranger.org\/index.php\/2026\/02\/16\/fiche-12-le-cas-particulier-des-jeunes-majeures-entre-es-en-france-mineur-es\/#Lela_jeune_arrive%C2%B7e_en_France_avant_lage_de_treize_ans\" >Le\/la jeune arriv\u00e9\u00b7e en France avant l\u2019\u00e2ge de treize ans<\/a><\/li><li class='ez-toc-page-1 ez-toc-heading-level-2'><a class=\"ez-toc-link ez-toc-heading-4\" href=\"https:\/\/guide-etudiant-etranger.org\/index.php\/2026\/02\/16\/fiche-12-le-cas-particulier-des-jeunes-majeures-entre-es-en-france-mineur-es\/#Lela_jeune_confie%C2%B7e_au_service_de_laide_sociale_a_lenfance_ou_a_un_tiers_digne_de_confiance_avant_16_ans\" >Le\/la jeune confi\u00e9\u00b7e au service de l\u2019aide sociale \u00e0 l\u2019enfance ou \u00e0 un tiers digne de confiance avant 16 ans<\/a><\/li><li class='ez-toc-page-1 ez-toc-heading-level-2'><a class=\"ez-toc-link ez-toc-heading-5\" href=\"https:\/\/guide-etudiant-etranger.org\/index.php\/2026\/02\/16\/fiche-12-le-cas-particulier-des-jeunes-majeures-entre-es-en-france-mineur-es\/#Lela_jeune_confie%C2%B7e_au_service_de_laide_sociale_a_lenfance_ou_a_un_tiers_digne_de_confiance_entre_16_et_18_ans_et_qui_a_suivi_une_formation_professionnelle_pendant_au_moins_6_mois\" >Le\/la jeune confi\u00e9\u00b7e au service de l\u2019aide sociale \u00e0 l\u2019enfance ou \u00e0 un tiers digne de confiance entre 16 et 18 ans et qui a suivi une formation professionnelle pendant au moins 6 mois<\/a><\/li><li class='ez-toc-page-1 ez-toc-heading-level-2'><a class=\"ez-toc-link ez-toc-heading-6\" href=\"https:\/\/guide-etudiant-etranger.org\/index.php\/2026\/02\/16\/fiche-12-le-cas-particulier-des-jeunes-majeures-entre-es-en-france-mineur-es\/#Lela_jeune_jamais_confie%C2%B7e_au_service_de_laide_sociale_a_lenfance_ou_a_un_tiers_digne_de_confiance_durant_sa_minorite_mais_qui_suit_une_formation\" >Le\/la jeune jamais confi\u00e9\u00b7e au service de l\u2019aide sociale \u00e0 l\u2019enfance ou \u00e0 un tiers digne de confiance durant sa minorit\u00e9 mais qui suit une formation<\/a><\/li><li class='ez-toc-page-1 ez-toc-heading-level-2'><a class=\"ez-toc-link ez-toc-heading-7\" href=\"https:\/\/guide-etudiant-etranger.org\/index.php\/2026\/02\/16\/fiche-12-le-cas-particulier-des-jeunes-majeures-entre-es-en-france-mineur-es\/#Les_autres_etudiant%C2%B7es\" >Les autres \u00e9tudiant\u00b7es<\/a><\/li><\/ul><\/li><\/ul><\/nav><\/div>\n\n\n\n\n<h2 class=\"wp-block-heading\"><span class=\"ez-toc-section\" id=\"Lela_jeune_arrive%C2%B7e_en_France_dans_le_cadre_dun_regroupement_familial\"><\/span><strong>Le\/la jeune arriv\u00e9\u00b7e en France dans le cadre d\u2019un regroupement familial<\/strong><span class=\"ez-toc-section-end\"><\/span><\/h2>\n\n\n\n<p>Les jeunes entr\u00e9\u00b7es dans le cadre d\u2019un regroupement familial car leurs parents vivaient en France avec un titre de s\u00e9jour peuvent pr\u00e9tendre \u00e0 leur majorit\u00e9 \u00e0 la d\u00e9livrance d\u2019un titre de s\u00e9jour portant la mention \u201cvie priv\u00e9e vie familiale\u201d <strong>de plein droit<\/strong>. C&rsquo;est-\u00e0-dire que le pr\u00e9fet a l\u2019obligation de leur d\u00e9livrer le titre de s\u00e9jour sauf s\u2019ils constituent une menace pour l\u2019ordre public.<\/p>\n\n\n\n<h2 class=\"wp-block-heading\"><span class=\"ez-toc-section\" id=\"Lela_jeune_arrive%C2%B7e_en_France_avant_lage_de_treize_ans\"><\/span><strong>Le\/la jeune arriv\u00e9\u00b7e en France avant l\u2019\u00e2ge de treize ans<\/strong><span class=\"ez-toc-section-end\"><\/span><\/h2>\n\n\n\n<p>Les jeunes entr\u00e9\u00b7es en France avant l\u2019\u00e2ge de treize ans peuvent pr\u00e9tendre \u00e0 leur majorit\u00e9 \u00e0 la d\u00e9livrance d\u2019un titre de s\u00e9jour portant la mention \u201cvie priv\u00e9e vie familiale\u201d <strong>de plein droit<\/strong>, \u00e0 condition d\u2019avoir r\u00e9sid\u00e9 depuis cet \u00e2ge avec sa m\u00e8re ou son p\u00e8re titulaire d\u2019un titre de s\u00e9jour.&nbsp;<\/p>\n\n\n\n<h2 class=\"wp-block-heading\"><span class=\"ez-toc-section\" id=\"Lela_jeune_confie%C2%B7e_au_service_de_laide_sociale_a_lenfance_ou_a_un_tiers_digne_de_confiance_avant_16_ans\"><\/span><strong>Le\/la jeune confi\u00e9<\/strong>\u00b7<strong>e au service de l\u2019aide sociale \u00e0 l\u2019enfance ou \u00e0 un tiers digne de confiance avant 16 ans<\/strong><span class=\"ez-toc-section-end\"><\/span><\/h2>\n\n\n\n<p>Les jeunes peuvent pr\u00e9tendre \u00e0 leur majorit\u00e9 \u00e0 la d\u00e9livrance d\u2019un titre de s\u00e9jour portant la mention \u201cvie priv\u00e9e vie familiale\u201d <strong>de plein droit<\/strong>, \u00e0 condition d\u2019\u00eatre scolaris\u00e9 et de ne pas repr\u00e9senter une menace pour l\u2018ordre public. La carte est d\u00e9livr\u00e9e sous r\u00e9serve du caract\u00e8re r\u00e9el et s\u00e9rieux du suivi de la formation qui lui a \u00e9t\u00e9 prescrite, de la nature des liens de l&rsquo;\u00e9tranger avec sa famille rest\u00e9e dans son pays d&rsquo;origine et de l&rsquo;avis de la structure d&rsquo;accueil ou du tiers digne de confiance sur son insertion dans la soci\u00e9t\u00e9 fran\u00e7aise<sup data-fn=\"5178f6fb-a8fc-47c7-9d31-83ef5c21007f\" class=\"fn\"><a href=\"#5178f6fb-a8fc-47c7-9d31-83ef5c21007f\" id=\"5178f6fb-a8fc-47c7-9d31-83ef5c21007f-link\">1<\/a><\/sup>.<\/p>\n\n\n\n<h2 class=\"wp-block-heading\"><span class=\"ez-toc-section\" id=\"Lela_jeune_confie%C2%B7e_au_service_de_laide_sociale_a_lenfance_ou_a_un_tiers_digne_de_confiance_entre_16_et_18_ans_et_qui_a_suivi_une_formation_professionnelle_pendant_au_moins_6_mois\"><\/span><strong>Le\/la jeune confi\u00e9<\/strong>\u00b7<strong>e au service de l\u2019aide sociale \u00e0 l\u2019enfance ou \u00e0 un tiers digne de confiance entre 16 et 18 ans et qui a suivi une formation professionnelle pendant au moins 6 mois<\/strong><span class=\"ez-toc-section-end\"><\/span><\/h2>\n\n\n\n<p>Les jeunes confi\u00e9\u00b7es au service de l\u2019aide sociale \u00e0 l\u2019enfance ou \u00e0 un tiers digne de confiance entre 16 et 18 ans peuvent pr\u00e9tendre \u00e0 leur majorit\u00e9 \u00e0 la d\u00e9livrance d\u2019un titre de s\u00e9jour portant la mention \u201csalari\u00e9\u201d \u00e0 condition de suivre une formation professionnelle depuis au moins 6 mois, de ne plus avoir de lien avec leur famille rest\u00e9e au pays et de ne pas repr\u00e9senter une menace pour l\u2018ordre public. Il faut aussi pr\u00e9senter un avis de la structure d&rsquo;accueil sur les garanties de l\u2019insertion dans la soci\u00e9t\u00e9 fran\u00e7aise La d\u00e9livrance de ce titre n\u2019est pas de plein droit mais elle est soumise \u00e0 l\u2019appr\u00e9ciation discr\u00e9tionnaire du pr\u00e9fet. Il s\u2019agit d\u2019une demande d\u2019admission exceptionnelle au s\u00e9jour, c\u2019est-\u00e0-dire que m\u00eame si le jeune ou la jeune remplit les conditions, le pr\u00e9fet peut refuser de d\u00e9livrer le titre<sup data-fn=\"fdd5e618-5895-4e4c-af31-36e2daa3c0fb\" class=\"fn\"><a href=\"#fdd5e618-5895-4e4c-af31-36e2daa3c0fb\" id=\"fdd5e618-5895-4e4c-af31-36e2daa3c0fb-link\">2<\/a><\/sup>.<\/p>\n\n\n\n<p><strong>Remarque : <\/strong>Si le ou la jeune majeur<strong>\u00b7<\/strong>e peut pr\u00e9tendre \u00e0 un titre de s\u00e9jour sur l\u2019un de ces fondements, il est vivement recommand\u00e9 qu\u2019il ou elle en fasse la demande plut\u00f4t qu\u2019une demande de titre \u201c\u00e9tudiant\u201d. Le titre \u201cvie priv\u00e9e et familiale\u201d et, dans une moindre mesure, le titre mention \u201csalari\u00e9\u201d sont plus protecteurs que le titre de s\u00e9jour portant la mention \u201c\u00e9tudiant\u201d. Conditionn\u00e9 par une inscription dans un \u00e9tablissement d\u2019enseignement, le suivi des \u00e9tudes ainsi que par un niveau de ressources, le titre \u201c\u00e9tudiant\u201d est plus difficilement renouvelable.<\/p>\n\n\n\n<h2 class=\"wp-block-heading\"><span class=\"ez-toc-section\" id=\"Lela_jeune_jamais_confie%C2%B7e_au_service_de_laide_sociale_a_lenfance_ou_a_un_tiers_digne_de_confiance_durant_sa_minorite_mais_qui_suit_une_formation\"><\/span><strong>Le\/la jeune jamais confi\u00e9<\/strong>\u00b7<strong>e au service de l\u2019aide sociale \u00e0 l\u2019enfance ou \u00e0 un tiers digne de confiance durant sa minorit\u00e9 mais qui suit une formation<\/strong><span class=\"ez-toc-section-end\"><\/span><\/h2>\n\n\n\n<p>Les mineur<strong>\u00b7<\/strong>es isol\u00e9<strong>\u00b7<\/strong>es \u00e9tranger<strong>\u00b7<\/strong>es qui n\u2019ont pas b\u00e9n\u00e9fici\u00e9 d\u2019une prise en charge \u00e0 l\u2019ASE durant leur minorit\u00e9 mais qui ont pu \u00eatre scolaris\u00e9s peuvent demander un titre de s\u00e9jour mention \u201c\u00e9tudiant\u201d mais sa d\u00e9livrance sera soumise \u00e0 la libre appr\u00e9ciation du pr\u00e9fet.<\/p>\n\n\n\n<h2 class=\"wp-block-heading\"><span class=\"ez-toc-section\" id=\"Les_autres_etudiant%C2%B7es\"><\/span><strong>Les autres \u00e9tudiant\u00b7es<\/strong><span class=\"ez-toc-section-end\"><\/span><\/h2>\n\n\n\n<p>Les autres \u00e9tudiant\u00b7es ne relevant pas des situations ci-dessus peuvent solliciter la d\u00e9livrance d\u2019un titre de s\u00e9jour \u201c\u00e9tudiant\u201d. Le pr\u00e9fet a toujours la possibilit\u00e9 de r\u00e9gulariser la situation d\u2019un\u00b7e \u00e9tudiant\u00b7e en lui d\u00e9livrant un titre de s\u00e9jour \u201c\u00e9tudiant\u201d mais il n\u2019en est pas oblig\u00e9. En effet, la d\u00e9livrance du titre est soumise au pouvoir d\u2019appr\u00e9ciation du pr\u00e9fet.<\/p>\n\n\n\n<p>Les conditions \u00e0 remplir sont les suivantes : qu\u2019il\/elle ait suivi, sans interruption, une scolarit\u00e9 en France depuis au moins l\u2019\u00e2ge de 16 ans\u2009; que son entr\u00e9e en France ait \u00e9t\u00e9 r\u00e9guli\u00e8re\u2009; qu\u2019il\/elle justifie d\u2019une inscription dans un \u00e9tablissement d\u2019enseignement sup\u00e9rieur. Le\/la jeune \u00e9tranger\u00b7e doit en outre, \u00e0 l\u2019appui de sa demande, justifier \u00ab\u202fdu caract\u00e8re r\u00e9el et s\u00e9rieux des \u00e9tudes poursuivies\u202f\u00bb<sup data-fn=\"94083363-46f3-4ed4-bb7f-90c49e60be1f\" class=\"fn\"><a href=\"#94083363-46f3-4ed4-bb7f-90c49e60be1f\" id=\"94083363-46f3-4ed4-bb7f-90c49e60be1f-link\">3<\/a><\/sup>.<\/p>\n\n\n\n<p>En principe, la demande de titre mention \u201c\u00e9tudiant\u201d se fait sur le site de l\u2019Anef mais les \u00e9tranger\u00b7es entr\u00e9\u00b7es en France durant leur minorit\u00e9 ne peuvent passer par cette proc\u00e9dure car ils ne disposent pas d\u2019un num\u00e9ro d\u2019\u00e9tranger comme celui dont disposent les \u00e9tudiants entr\u00e9s en France avec un visa. Il faudra donc en pratique se rendre \u00e0 la pr\u00e9fecture pour d\u00e9poser le dossier de demande de titre, qui sera trait\u00e9 comme une demande d\u2019admission exceptionnelle au s\u00e9jour.&nbsp;<\/p>\n\n\n\n<hr class=\"wp-block-separator has-alpha-channel-opacity\"\/>\n\n\n\n<p><strong>Conseil :<\/strong> v\u00e9rifier sur le site de la pr\u00e9fecture comp\u00e9tente les modalit\u00e9s de d\u00e9p\u00f4t d\u2019une demande d\u2019admission exceptionnelle avant de se rendre \u00e0 la pr\u00e9fecture. Les d\u00e9marches sont diff\u00e9rentes d\u2019une pr\u00e9fecture \u00e0 une autre.<\/p>\n\n\n<ol class=\"wp-block-footnotes\"><li id=\"5178f6fb-a8fc-47c7-9d31-83ef5c21007f\">Ceseda, art. L. 423-22. <a href=\"#5178f6fb-a8fc-47c7-9d31-83ef5c21007f-link\" aria-label=\"Aller \u00e0 la note de bas de page 1\">\u21a9\ufe0e<\/a><\/li><li id=\"fdd5e618-5895-4e4c-af31-36e2daa3c0fb\">Ceseda, art. L. 435-3. <a href=\"#fdd5e618-5895-4e4c-af31-36e2daa3c0fb-link\" aria-label=\"Aller \u00e0 la note de bas de page 2\">\u21a9\ufe0e<\/a><\/li><li id=\"94083363-46f3-4ed4-bb7f-90c49e60be1f\">Ceseda, art. L. 422-1. <a href=\"#94083363-46f3-4ed4-bb7f-90c49e60be1f-link\" aria-label=\"Aller \u00e0 la note de bas de page 3\">\u21a9\ufe0e<\/a><\/li><\/ol>","protected":false},"excerpt":{"rendered":"<p>Fiche 12 \u2013 Le cas particulier des jeunes majeur\u22c5es entr\u00e9\u22c5es en France mineur\u22c5es Le\/la jeune arriv\u00e9\u00b7e en France dans le cadre d\u2019un regroupement familial Les jeunes entr\u00e9\u00b7es dans le cadre d\u2019un regroupement familial car leurs parents vivaient en France avec un titre de s\u00e9jour peuvent pr\u00e9tendre \u00e0 leur majorit\u00e9 \u00e0 la d\u00e9livrance d\u2019un titre de [&hellip;]<\/p>\n","protected":false},"author":6,"featured_media":0,"comment_status":"closed","ping_status":"closed","sticky":false,"template":"","format":"standard","meta":{"footnotes":"[{\"content\":\"Ceseda, art. L. 423-22.\",\"id\":\"5178f6fb-a8fc-47c7-9d31-83ef5c21007f\"},{\"content\":\"Ceseda, art. L. 435-3.\",\"id\":\"fdd5e618-5895-4e4c-af31-36e2daa3c0fb\"},{\"content\":\"Ceseda, art. L. 422-1.\",\"id\":\"94083363-46f3-4ed4-bb7f-90c49e60be1f\"}]"},"categories":[1],"tags":[],"class_list":["post-254","post","type-post","status-publish","format-standard","hentry","category-non-classe"],"_links":{"self":[{"href":"https:\/\/guide-etudiant-etranger.org\/index.php\/wp-json\/wp\/v2\/posts\/254","targetHints":{"allow":["GET"]}}],"collection":[{"href":"https:\/\/guide-etudiant-etranger.org\/index.php\/wp-json\/wp\/v2\/posts"}],"about":[{"href":"https:\/\/guide-etudiant-etranger.org\/index.php\/wp-json\/wp\/v2\/types\/post"}],"author":[{"embeddable":true,"href":"https:\/\/guide-etudiant-etranger.org\/index.php\/wp-json\/wp\/v2\/users\/6"}],"replies":[{"embeddable":true,"href":"https:\/\/guide-etudiant-etranger.org\/index.php\/wp-json\/wp\/v2\/comments?post=254"}],"version-history":[{"count":9,"href":"https:\/\/guide-etudiant-etranger.org\/index.php\/wp-json\/wp\/v2\/posts\/254\/revisions"}],"predecessor-version":[{"id":642,"href":"https:\/\/guide-etudiant-etranger.org\/index.php\/wp-json\/wp\/v2\/posts\/254\/revisions\/642"}],"wp:attachment":[{"href":"https:\/\/guide-etudiant-etranger.org\/index.php\/wp-json\/wp\/v2\/media?parent=254"}],"wp:term":[{"taxonomy":"category","embeddable":true,"href":"https:\/\/guide-etudiant-etranger.org\/index.php\/wp-json\/wp\/v2\/categories?post=254"},{"taxonomy":"post_tag","embeddable":true,"href":"https:\/\/guide-etudiant-etranger.org\/index.php\/wp-json\/wp\/v2\/tags?post=254"}],"curies":[{"name":"wp","href":"https:\/\/api.w.org\/{rel}","templated":true}]}}