{"id":261,"date":"2026-02-16T22:20:31","date_gmt":"2026-02-16T21:20:31","guid":{"rendered":"https:\/\/guide-etudiant-etranger.org\/?page_id=261"},"modified":"2026-03-10T17:48:51","modified_gmt":"2026-03-10T16:48:51","slug":"fiche-15-le-placement-en-retention-administrative","status":"publish","type":"post","link":"https:\/\/guide-etudiant-etranger.org\/index.php\/2026\/02\/16\/fiche-15-le-placement-en-retention-administrative\/","title":{"rendered":"Fiche 15 \u2013 Le placement en r\u00e9tention administrative\u00a0"},"content":{"rendered":"\n<h1 class=\"wp-block-heading is-style-text-display has-base-color has-text-color has-background has-x-large-font-size is-style-text-display--1\" style=\"background-color:#7fa57f;padding-top:var(--wp--preset--spacing--30);padding-right:var(--wp--preset--spacing--30);padding-bottom:var(--wp--preset--spacing--30);padding-left:var(--wp--preset--spacing--30)\"><span class=\"ez-toc-section\" id=\"Fiche_15_%E2%80%93_Le_placement_en_retention_administrative\"><\/span>Fiche 15 \u2013 Le placement en r\u00e9tention administrative<span class=\"ez-toc-section-end\"><\/span><\/h1><div id=\"ez-toc-container\" class=\"ez-toc-v2_0_81 ez-toc-wrap-left counter-hierarchy ez-toc-counter ez-toc-transparent ez-toc-container-direction\">\n<div class=\"ez-toc-title-container\">\n<p class=\"ez-toc-title\" style=\"cursor:inherit\">Sommaire<\/p>\n<span class=\"ez-toc-title-toggle\"><a href=\"#\" class=\"ez-toc-pull-right ez-toc-btn ez-toc-btn-xs ez-toc-btn-default ez-toc-toggle\" aria-label=\"Toggle Table of Content\"><span class=\"ez-toc-js-icon-con\"><span class=\"\"><span class=\"eztoc-hide\" style=\"display:none;\">Toggle<\/span><span class=\"ez-toc-icon-toggle-span\"><svg style=\"fill: #999;color:#999\" xmlns=\"http:\/\/www.w3.org\/2000\/svg\" class=\"list-377408\" width=\"20px\" height=\"20px\" viewBox=\"0 0 24 24\" fill=\"none\"><path d=\"M6 6H4v2h2V6zm14 0H8v2h12V6zM4 11h2v2H4v-2zm16 0H8v2h12v-2zM4 16h2v2H4v-2zm16 0H8v2h12v-2z\" fill=\"currentColor\"><\/path><\/svg><svg style=\"fill: #999;color:#999\" class=\"arrow-unsorted-368013\" xmlns=\"http:\/\/www.w3.org\/2000\/svg\" width=\"10px\" height=\"10px\" viewBox=\"0 0 24 24\" version=\"1.2\" baseProfile=\"tiny\"><path d=\"M18.2 9.3l-6.2-6.3-6.2 6.3c-.2.2-.3.4-.3.7s.1.5.3.7c.2.2.4.3.7.3h11c.3 0 .5-.1.7-.3.2-.2.3-.5.3-.7s-.1-.5-.3-.7zM5.8 14.7l6.2 6.3 6.2-6.3c.2-.2.3-.5.3-.7s-.1-.5-.3-.7c-.2-.2-.4-.3-.7-.3h-11c-.3 0-.5.1-.7.3-.2.2-.3.5-.3.7s.1.5.3.7z\"\/><\/svg><\/span><\/span><\/span><\/a><\/span><\/div>\n<nav><ul class='ez-toc-list ez-toc-list-level-1 ' ><li class='ez-toc-page-1 ez-toc-heading-level-1'><a class=\"ez-toc-link ez-toc-heading-1\" href=\"https:\/\/guide-etudiant-etranger.org\/index.php\/2026\/02\/16\/fiche-15-le-placement-en-retention-administrative\/#Fiche_15_%E2%80%93_Le_placement_en_retention_administrative\" >Fiche 15 \u2013 Le placement en r\u00e9tention administrative<\/a><ul class='ez-toc-list-level-2' ><li class='ez-toc-heading-level-2'><a class=\"ez-toc-link ez-toc-heading-2\" href=\"https:\/\/guide-etudiant-etranger.org\/index.php\/2026\/02\/16\/fiche-15-le-placement-en-retention-administrative\/#I_La_procedure_pour_la_mise_en_retention\" >I. La proc\u00e9dure pour la mise en r\u00e9tention<\/a><\/li><li class='ez-toc-page-1 ez-toc-heading-level-2'><a class=\"ez-toc-link ez-toc-heading-3\" href=\"https:\/\/guide-etudiant-etranger.org\/index.php\/2026\/02\/16\/fiche-15-le-placement-en-retention-administrative\/#II_La_contestation_de_la_decision_du_juge_judiciaire\" >II. La contestation de la d\u00e9cision du juge judiciaire<\/a><ul class='ez-toc-list-level-3' ><li class='ez-toc-heading-level-3'><a class=\"ez-toc-link ez-toc-heading-4\" href=\"https:\/\/guide-etudiant-etranger.org\/index.php\/2026\/02\/16\/fiche-15-le-placement-en-retention-administrative\/#Ou_introduire_un_recours\" >O\u00f9 introduire un recours ?&nbsp;<\/a><\/li><li class='ez-toc-page-1 ez-toc-heading-level-3'><a class=\"ez-toc-link ez-toc-heading-5\" href=\"https:\/\/guide-etudiant-etranger.org\/index.php\/2026\/02\/16\/fiche-15-le-placement-en-retention-administrative\/#Qui_peut_introduire_le_recours\" >Qui peut introduire le recours ?&nbsp;<\/a><\/li><li class='ez-toc-page-1 ez-toc-heading-level-3'><a class=\"ez-toc-link ez-toc-heading-6\" href=\"https:\/\/guide-etudiant-etranger.org\/index.php\/2026\/02\/16\/fiche-15-le-placement-en-retention-administrative\/#Dans_quels_delais\" >Dans quels d\u00e9lais ?&nbsp;<\/a><\/li><li class='ez-toc-page-1 ez-toc-heading-level-3'><a class=\"ez-toc-link ez-toc-heading-7\" href=\"https:\/\/guide-etudiant-etranger.org\/index.php\/2026\/02\/16\/fiche-15-le-placement-en-retention-administrative\/#Quels_sont_les_effets_du_recours\" >Quels sont les effets du recours ?&nbsp;<\/a><\/li><li class='ez-toc-page-1 ez-toc-heading-level-3'><a class=\"ez-toc-link ez-toc-heading-8\" href=\"https:\/\/guide-etudiant-etranger.org\/index.php\/2026\/02\/16\/fiche-15-le-placement-en-retention-administrative\/#Quelles_consequences\" >Quelles cons\u00e9quences ?&nbsp;<\/a><\/li><\/ul><\/li><li class='ez-toc-page-1 ez-toc-heading-level-2'><a class=\"ez-toc-link ez-toc-heading-9\" href=\"https:\/\/guide-etudiant-etranger.org\/index.php\/2026\/02\/16\/fiche-15-le-placement-en-retention-administrative\/#III_Les_droits_en_centre_de_retention_adminitrative_CRA\" >III. Les droits en centre de r\u00e9tention adminitrative (CRA)<\/a><\/li><li class='ez-toc-page-1 ez-toc-heading-level-2'><a class=\"ez-toc-link ez-toc-heading-10\" href=\"https:\/\/guide-etudiant-etranger.org\/index.php\/2026\/02\/16\/fiche-15-le-placement-en-retention-administrative\/#IV_La_procedure_deloignement\" >IV. La proc\u00e9dure d&rsquo;\u00e9loignement<\/a><\/li><\/ul><\/li><\/ul><\/nav><\/div>\n\n\n\n\n<p>Une personne peut se retrouver en centre de r\u00e9tention administrative (CRA) parce qu\u2019\u00e0 l\u2019occasion d\u2019un contr\u00f4le d\u2019identit\u00e9 par la police ou suite au d\u00e9p\u00f4t d\u2019une demande de r\u00e9gularisation, la pr\u00e9fecture a examin\u00e9 sa situation et a estim\u00e9 que la personne n\u2019avait pas le droit de rester en France. Il est \u00e9galement possible d\u2019\u00eatre plac\u00e9.e en CRA apr\u00e8s une p\u00e9riode d\u2019incarc\u00e9ration. Afin d\u2019\u00e9loigner cette personne vers un autre pays, la pr\u00e9fecture prend alors une d\u00e9cision de placement en centre de r\u00e9tention.<\/p>\n\n\n\n<h2 class=\"wp-block-heading\"><span class=\"ez-toc-section\" id=\"I_La_procedure_pour_la_mise_en_retention\"><\/span>I. La proc\u00e9dure pour la mise en r\u00e9tention<span class=\"ez-toc-section-end\"><\/span><\/h2>\n\n\n\n<p>La pr\u00e9fecture a le droit de garder les personnes au centre de r\u00e9tention pour organiser leur d\u00e9part pendant 4 jours, uniquement lorsqu\u2019elles ne pr\u00e9sentent pas de garanties de repr\u00e9sentation et qu\u2019aucune autre mesure n\u2019appara\u00eet suffisante.<\/p>\n\n\n\n<p>Le pr\u00e9fet prend une d\u00e9cision initiale de placement en CRA. Il s\u2019agit d\u2019une d\u00e9cision motiv\u00e9e qui doit \u00eatre notifi\u00e9e \u00e0 la personne. Cette d\u00e9cision peut \u00eatre contest\u00e9e dans un d\u00e9lai de 4 jours devant le juge judiciaire (auparavant il s\u2019agissait du juge des libert\u00e9s et de la d\u00e9tention).<\/p>\n\n\n\n<p>A l\u2019issue du d\u00e9lai initial de placement de 4 jours, la pr\u00e9fecture doit saisir le juge judiciaire si elle souhaite maintenir la personne dans le centre de r\u00e9tention. Le juge peut alors prononcer, soit la lib\u00e9ration de la personne, soit la prolongation de la r\u00e9tention pour une dur\u00e9e de 26 jours. L\u00e0 aussi il est possible de contester cette prolongation devant le juge judiciaire.<\/p>\n\n\n\n<p>A l\u2019issue de ce d\u00e9lai, la pr\u00e9fecture peut demander au juge judiciaire un nouveau maintien en r\u00e9tention pour une p\u00e9riode de 30 jours. Puis, selon certaines circonstances, le juge peut prononcer deux nouvelles prolongations de 15 jours chacune.<\/p>\n\n\n\n<p>La dur\u00e9e maximale en centre de r\u00e9tention est donc de 90 jours au total.<\/p>\n\n\n\n<h2 class=\"wp-block-heading\"><span class=\"ez-toc-section\" id=\"II_La_contestation_de_la_decision_du_juge_judiciaire\"><\/span>II. La contestation de la d\u00e9cision du juge judiciaire<span class=\"ez-toc-section-end\"><\/span><\/h2>\n\n\n\n<p>Si le juge judiciaire a ordonn\u00e9 la prolongation du maintien en r\u00e9tention de la personne \u00e9trang\u00e8re, il est possible de contester cette d\u00e9cision (ordonnance).&nbsp;<\/p>\n\n\n\n<h3 class=\"wp-block-heading\"><span class=\"ez-toc-section\" id=\"Ou_introduire_un_recours\"><\/span><strong><em>O\u00f9 introduire un recours ?&nbsp;<\/em><\/strong><span class=\"ez-toc-section-end\"><\/span><\/h3>\n\n\n\n<p>L\u2019\u00e9tudiant\u22c5e plac\u00e9\u22c5e en CRA peut contester l\u2019ordonnance devant le 1er pr\u00e9sident de la Cour d\u2019appel. La liste de toutes les <a href=\"https:\/\/www.cours-appel.justice.fr\/accueil\">cours d\u2019appel en France est consultable ici<\/a>.<\/p>\n\n\n\n<h3 class=\"wp-block-heading\"><span class=\"ez-toc-section\" id=\"Qui_peut_introduire_le_recours\"><\/span><strong><em>Qui peut introduire le recours ?&nbsp;<\/em><\/strong><span class=\"ez-toc-section-end\"><\/span><\/h3>\n\n\n\n<p>L\u2019\u00e9tudiant\u22c5e plac\u00e9\u22c5e en CRA peut introduire cet appel. Pour introduire le recours il est imp\u00e9ratif qu\u2019il ou elle soit assist\u00e9e par un\u00b7e avocat\u00b7e.&nbsp;<\/p>\n\n\n\n<h3 class=\"wp-block-heading\"><span class=\"ez-toc-section\" id=\"Dans_quels_delais\"><\/span><strong><em>Dans quels d\u00e9lais ?&nbsp;<\/em><\/strong><span class=\"ez-toc-section-end\"><\/span><\/h3>\n\n\n\n<p>L\u2019\u00e9tudiant\u00b7e a 24 heures pour introduire le recours. Le d\u00e9lai de 24 heures commence \u00e0 courir :&nbsp;<\/p>\n\n\n\n<ul class=\"wp-block-list\">\n<li>au prononc\u00e9 de l\u2019ordonnance si l\u2019\u00e9tudiant.e \u00e9tait pr\u00e9sent.e lors de l\u2019audience ;&nbsp;<\/li>\n\n\n\n<li>au jour de la notification de cette ordonnance, dans le cas o\u00f9 l\u2019\u00e9tudiant.e n\u2019\u00e9tait pas pr\u00e9sent.e \u00e0 l\u2019audience.&nbsp;<\/li>\n<\/ul>\n\n\n\n<p>Le 1er pr\u00e9sident de la Cour d\u2019appel doit statuer dans un d\u00e9lai de 48 heures \u00e0 partir du moment o\u00f9 il a \u00e9t\u00e9 saisi par l\u2019\u00e9tudiant\u22c5e.&nbsp;<\/p>\n\n\n\n<h3 class=\"wp-block-heading\"><span class=\"ez-toc-section\" id=\"Quels_sont_les_effets_du_recours\"><\/span><strong><em>Quels sont les effets du recours ?&nbsp;<\/em><\/strong><span class=\"ez-toc-section-end\"><\/span><\/h3>\n\n\n\n<p>L\u2019appel n\u2019est pas suspensif. Cela signifie que le recours de l\u2019\u00e9tudiant\u00b7e, contre l\u2019ordonnance du juge qui a d\u00e9cid\u00e9 de le maintenir en r\u00e9tention, ne lui permet pas de sortir de r\u00e9tention le temps que le juge rende sa d\u00e9cision. Pendant l\u2019instruction de son recours contre l\u2019ordonnance du juge judiciaire, il ou elle est maintenue en r\u00e9tention.&nbsp;<\/p>\n\n\n\n<h3 class=\"wp-block-heading\"><span class=\"ez-toc-section\" id=\"Quelles_consequences\"><\/span><strong><em>Quelles cons\u00e9quences ?&nbsp;<\/em><\/strong><span class=\"ez-toc-section-end\"><\/span><\/h3>\n\n\n\n<p>A la suite de la d\u00e9cision du 1er pr\u00e9sident de la cour d\u2019appel, si l\u2019\u00e9tudiant.e n\u2019est pas satisfait\u22c5e par la d\u00e9cision rendue il ou elle peut se pourvoir en cassation. C&rsquo;est-\u00e0-dire que si la d\u00e9cision est n\u00e9gative, l&rsquo;\u00e9tudiant\u00b7e peut former un recours devant la Cour de cassation. Toutefois, les d\u00e9lais de traitement sont longs et il est n\u00e9cessaire d\u2019\u00eatre conseill\u00e9 par un\u00b7e avocat\u00b7e au conseil dont les honoraires sont \u00e9lev\u00e9s. Aussi, sauf exception, il n\u2019est pas conseill\u00e9 de se pourvoir en cassation.&nbsp;<\/p>\n\n\n\n<h2 class=\"wp-block-heading\"><span class=\"ez-toc-section\" id=\"III_Les_droits_en_centre_de_retention_adminitrative_CRA\"><\/span>III. Les droits en centre de r\u00e9tention adminitrative (CRA)<span class=\"ez-toc-section-end\"><\/span><\/h2>\n\n\n\n<p>Les CRA sont sous la responsabilit\u00e9 de la police aux fronti\u00e8res (PAF).<\/p>\n\n\n\n<p>Au sein de ces centres, les personnes retenues disposent des droits suivants :&nbsp;<\/p>\n\n\n\n<ul class=\"wp-block-list\">\n<li>Le droit d&rsquo;acc\u00e9der \u00e0 un service m\u00e9dical et de rencontrer des infirmi\u00e8res qui peuvent saisir le m\u00e9decin en cas de besoin<\/li>\n\n\n\n<li>Le droit de communiquer avec l\u2019ext\u00e9rieur<\/li>\n\n\n\n<li>Le droit d\u2019avoir des visites tous les jours<\/li>\n\n\n\n<li>Le droit de recevoir une aide juridique en s\u2019adressant \u00e0 l\u2019association pr\u00e9sente dans le centre et en demandant l\u2019assistance d\u2019un\u00b7e avocat\u00b7e<\/li>\n\n\n\n<li>Le droit de contacter son consulat<\/li>\n\n\n\n<li>Le droit de d\u00e9poser une demande d\u2019asile dans les 5 jours qui suivent son arriv\u00e9e<\/li>\n<\/ul>\n\n\n\n<p>Il existe 22 CRA dont 18 se trouvent en France m\u00e9tropolitaine, et 5 associations interviennent dans ces centres afin de garantir les droits des personnes enferm\u00e9es (La Cimade, France terre d\u2019asile, Groupe SOS Solidarit\u00e9s-Assfam, Forum r\u00e9fugi\u00e9s-Cosi et Solidarit\u00e9 Mayotte).\u00a0<\/p>\n\n\n\n<p>Un\u00b7e \u00e9tudiant\u00b7e qui se retrouve enferm\u00e9\u22c5e en CRA devra se rapprocher sans attendre de l\u2019association pr\u00e9sente dans le centre afin de faire valoir ses droits, il ou elle pourra s\u2019appuyer sur la n\u00e9cessit\u00e9 de poursuivre ses \u00e9tudes en France afin d\u2019obtenir sa lib\u00e9ration.<\/p>\n\n\n\n<p>Si le recours devant le tribunal administratif a \u00e9t\u00e9 rejet\u00e9, ou si le d\u00e9lai de recours a expir\u00e9, il est possible de se mobiliser collectivement pour demander la lib\u00e9ration du camarade. Mettez-vous en contact avec des associations de d\u00e9fense des \u00e9trangers, avec les groupes anti-CRA, ou les syndicats \u00e9tudiants.&nbsp;<\/p>\n\n\n\n<h2 class=\"wp-block-heading\"><span class=\"ez-toc-section\" id=\"IV_La_procedure_deloignement\"><\/span>IV. La proc\u00e9dure d&rsquo;\u00e9loignement<span class=\"ez-toc-section-end\"><\/span><\/h2>\n\n\n\n<p>Si le placement en r\u00e9tention et la d\u00e9cision d\u2019\u00e9loignement sont maintenus, l\u2019administration fran\u00e7aise organise alors le d\u00e9part.&nbsp;<\/p>\n\n\n\n<p>La personne sera \u00e9loign\u00e9e \u00e0 destination d&rsquo;un des pays suivants :<\/p>\n\n\n\n<ul class=\"wp-block-list\">\n<li>Le pays d\u2019origine de la personne ;<\/li>\n\n\n\n<li>Le dernier pays qui lui a d\u00e9livr\u00e9 un document de voyage en cours de validit\u00e9 ;<\/li>\n\n\n\n<li>Un autre pays dans lequel la personne peut \u00eatre l\u00e9galement admise.<\/li>\n<\/ul>\n\n\n\n<p>Il est possible de contester la d\u00e9cision fixant le pays de renvoi par un recours. Un \u00e9tranger ne peut \u00eatre \u00e9loign\u00e9 \u00e0 destination d&rsquo;un pays s&rsquo;il \u00e9tablit que sa vie ou sa libert\u00e9 y sont menac\u00e9es ou qu&rsquo;il y est expos\u00e9 \u00e0 des traitements inhumains et d\u00e9gradants<sup data-fn=\"b6c5d04b-ea9a-4ad7-81e8-3f92e3f1f228\" class=\"fn\"><a href=\"#b6c5d04b-ea9a-4ad7-81e8-3f92e3f1f228\" id=\"b6c5d04b-ea9a-4ad7-81e8-3f92e3f1f228-link\">1<\/a><\/sup>. Seul ce recours pourra \u00e9viter l\u2019embarquement dans un avion \u00e0 destination du pays en question, ou si la personne a soudainement un probl\u00e8me de sant\u00e9 qui l\u2019emp\u00eache de voyager sans risques.<\/p>\n\n\n\n<p>Une peine d\u2019emprisonnement de 3 ans est pr\u00e9vue<sup data-fn=\"4326a23d-3b32-437e-b269-634fc924e5b4\" class=\"fn\"><a href=\"#4326a23d-3b32-437e-b269-634fc924e5b4\" id=\"4326a23d-3b32-437e-b269-634fc924e5b4-link\">2<\/a><\/sup> pour les personnes qui tentent de se soustraire \u00e0 une d\u00e9cision d\u2019\u00e9loignement du territoire fran\u00e7ais.\u00a0<\/p>\n\n\n\n<p><strong>Attention.<\/strong> La loi Darmanin du 26 janvier 2024 a apport\u00e9 des modifications significatives au droit applicable \u00e0 l\u2019\u00e9loignement des personnes \u00e9trang\u00e8res, notamment :&nbsp;<\/p>\n\n\n\n<p>&#8211; la cr\u00e9ation de nouveaux motifs de refus de d\u00e9livrance ou de renouvellement et de retrait d\u2019une carte de s\u00e9jour temporaire ou pluriannuelle, ces deux titres de s\u00e9jour pouvant notamment \u00eatre refus\u00e9s \u00e0 la personne n\u2019ayant pas ex\u00e9cut\u00e9 une pr\u00e9c\u00e9dente OQTF<sup data-fn=\"6ffa2bdf-1525-4b2a-895c-23dff93cee1d\" class=\"fn\"><a href=\"#6ffa2bdf-1525-4b2a-895c-23dff93cee1d\" id=\"6ffa2bdf-1525-4b2a-895c-23dff93cee1d-link\">3<\/a><\/sup>,<\/p>\n\n\n\n<p>&#8211; l\u2019exclusion des jeunes majeur\u2219es qui avaient \u00e9t\u00e9 confi\u00e9\u00b7es \u00e0 l\u2019aide sociale \u00e0 l\u2019enfance avant leur majorit\u00e9 du b\u00e9n\u00e9fice du maintien de plein droit de cette pris en charge dans le cadre du \u00ab contrat jeune majeur \u00bb lorsqu\u2019ils et elles ont fait l\u2019objet d\u2019une OQTF<sup data-fn=\"4f5e9cc3-8190-4f12-9cab-caf8fcb206e6\" class=\"fn\"><a href=\"#4f5e9cc3-8190-4f12-9cab-caf8fcb206e6\" id=\"4f5e9cc3-8190-4f12-9cab-caf8fcb206e6-link\">4<\/a><\/sup>.<\/p>\n\n\n\n<p>&#8211; l\u2019obligation pour le pr\u00e9fet ou la pr\u00e9f\u00e8te de d\u00e9livrer une OQTF en cas de rejet d\u00e9finitif d\u2019une demande de protection au titre de l\u2019asile (ou dans l\u2019hypoth\u00e8se d\u2019une perte du droit au maintien sur le territoire)<sup data-fn=\"ee636eb8-6598-4707-be76-29d4959d5343\" class=\"fn\"><a href=\"#ee636eb8-6598-4707-be76-29d4959d5343\" id=\"ee636eb8-6598-4707-be76-29d4959d5343-link\">5<\/a><\/sup>,<\/p>\n\n\n\n<p>&#8211; l\u2019augmentation de 1 \u00e0 3 ans du d\u00e9lai pendant lequel une OQTF peut \u00eatre mise \u00e0 ex\u00e9cution en recourant \u00e0 des mesures de contrainte<sup data-fn=\"b428e74a-ee93-44b8-8e1d-e3b345c9364d\" class=\"fn\"><a href=\"#b428e74a-ee93-44b8-8e1d-e3b345c9364d\" id=\"b428e74a-ee93-44b8-8e1d-e3b345c9364d-link\">6<\/a><\/sup>,<\/p>\n\n\n\n<p>&#8211; la suppression de toutes les protections contre les OQTF sauf pour les mineur\u22c5es<sup data-fn=\"143509f7-6298-4790-8aa1-7b9d1278e459\" class=\"fn\"><a href=\"#143509f7-6298-4790-8aa1-7b9d1278e459\" id=\"143509f7-6298-4790-8aa1-7b9d1278e459-link\">7<\/a><\/sup>,<\/p>\n\n\n\n<p>&#8211; l\u2019augmentation de la dur\u00e9e maximale de l\u2019interdiction de retour sur le territoire fran\u00e7ais (IRTF) \u00e0 5 ans dans tous les cas, que l\u2019IRTF soit automatique ou facultative. Lorsqu\u2019elle accompagne une OQTF sans d\u00e9lai de d\u00e9part volontaire, elle peut m\u00eame \u00eatre prononc\u00e9e pour une dur\u00e9e de 10 ans en cas de menace grave pour l\u2019ordre public<sup data-fn=\"cb1ee7dd-5faf-4112-b45e-4bc05adb7a82\" class=\"fn\"><a href=\"#cb1ee7dd-5faf-4112-b45e-4bc05adb7a82\" id=\"cb1ee7dd-5faf-4112-b45e-4bc05adb7a82-link\">8<\/a><\/sup> et l\u2019introduction d\u2019un r\u00e9examen p\u00e9riodique, tous les 5 ans, de la situation de la personne \u00e9trang\u00e8re vis\u00e9e par une IRTF<sup data-fn=\"fd531e55-299b-4a79-8352-8387a3bf7049\" class=\"fn\"><a href=\"#fd531e55-299b-4a79-8352-8387a3bf7049\" id=\"fd531e55-299b-4a79-8352-8387a3bf7049-link\">9<\/a><\/sup>,<\/p>\n\n\n\n<p>&#8211; la suppression de la possibilit\u00e9 pour les personnes \u00e9trang\u00e8res d\u00e9tenues vis\u00e9es par une mesure d\u2019\u00e9loignement de b\u00e9n\u00e9ficier du m\u00e9canisme de la lib\u00e9ration conditionnelle sous contrainte, sauf si la lib\u00e9ration est assortie de l\u2019ex\u00e9cution de cette mesure<sup data-fn=\"c9f7f201-81be-4dd8-a8da-d8dbf077238b\" class=\"fn\"><a href=\"#c9f7f201-81be-4dd8-a8da-d8dbf077238b\" id=\"c9f7f201-81be-4dd8-a8da-d8dbf077238b-link\">10<\/a><\/sup>,<\/p>\n\n\n\n<p>&#8211; l\u2019augmentation du d\u00e9lai d\u2019intervention du ou de la juge judiciaire pour contr\u00f4ler la r\u00e9tention administrative dans l\u2019attente de l\u2019ex\u00e9cution de la mesure d\u2019\u00e9loignement, initialement de 48 heures \u00e0 4 jours<sup data-fn=\"7b8b7cd0-bd8c-4c54-aeea-9aec0f2141c6\" class=\"fn\"><a href=\"#7b8b7cd0-bd8c-4c54-aeea-9aec0f2141c6\" id=\"7b8b7cd0-bd8c-4c54-aeea-9aec0f2141c6-link\">11<\/a><\/sup>,<\/p>\n\n\n\n<p>&#8211; l&rsquo;interdiction de l\u2019enfermement en r\u00e9tention des mineur\u22c5es, m\u00eame accompagn\u00e9\u22c5es d\u2019adultes<sup data-fn=\"a84d32a0-8931-49c6-adbe-734a6b2c546f\" class=\"fn\"><a href=\"#a84d32a0-8931-49c6-adbe-734a6b2c546f\" id=\"a84d32a0-8931-49c6-adbe-734a6b2c546f-link\">12<\/a><\/sup> et parall\u00e8lement, la possibilit\u00e9 d\u2019assigner \u00e0 r\u00e9sidence \u00ab l\u2019\u00e9tranger accompagn\u00e9 d\u2019un mineur \u00bb<sup data-fn=\"f9cfb6ca-d81f-41a6-96b6-54d28fca7d64\" class=\"fn\"><a href=\"#f9cfb6ca-d81f-41a6-96b6-54d28fca7d64\" id=\"f9cfb6ca-d81f-41a6-96b6-54d28fca7d64-link\">13<\/a><\/sup>,<\/p>\n\n\n\n<p>&#8211; la possibilit\u00e9 de justifier un placement en r\u00e9tention et une prolongation de placement en r\u00e9tention par une menace \u00e0 l\u2019ordre public<sup data-fn=\"dfc3aba0-99b1-4031-a033-354273d42d3d\" class=\"fn\"><a href=\"#dfc3aba0-99b1-4031-a033-354273d42d3d\" id=\"dfc3aba0-99b1-4031-a033-354273d42d3d-link\">14<\/a><\/sup>,<\/p>\n\n\n\n<p>&#8211; La diminution du d\u00e9lai entre la lib\u00e9ration d\u2019une personne et son nouveau placement en r\u00e9tention sur le fondement de la m\u00eame d\u00e9cision d\u2019\u00e9loignement est ramen\u00e9 de 7 jours \u00e0 48 heures en cas de \u00ab circonstance nouvelle de fait ou de droit \u00bb<sup data-fn=\"3ffb02e4-e224-403d-b9cf-092a06756bba\" class=\"fn\"><a href=\"#3ffb02e4-e224-403d-b9cf-092a06756bba\" id=\"3ffb02e4-e224-403d-b9cf-092a06756bba-link\">15<\/a><\/sup>,<\/p>\n\n\n\n<p>&#8211; L\u2019allongement de la dur\u00e9e maximale des assignations \u00e0 r\u00e9sidence de longue dur\u00e9e et de courte dur\u00e9e, respectivement, de 6 mois \u00e0 un 1 an et de 45 \u00e0 90 jours<sup data-fn=\"995b5c14-da4a-4a86-bab9-311ba4fee973\" class=\"fn\"><a href=\"#995b5c14-da4a-4a86-bab9-311ba4fee973\" id=\"995b5c14-da4a-4a86-bab9-311ba4fee973-link\">16<\/a><\/sup>.<\/p>\n\n\n\n<p>&#8211; la modification de la proc\u00e9dure de recours : la contestation de l\u2019OQTF et des mesures connexes ob\u00e9it \u00e0 trois r\u00e9gimes proc\u00e9duraux distincts selon, principalement, que cette OQTF est accompagn\u00e9e ou non d\u2019une mesure restrictive ou privative de libert\u00e9 : la proc\u00e9dure \u00ab ordinaire \u00bb<sup data-fn=\"bd11bf6d-91e7-43c8-9366-2beb2f4fb5f6\" class=\"fn\"><a href=\"#bd11bf6d-91e7-43c8-9366-2beb2f4fb5f6\" id=\"bd11bf6d-91e7-43c8-9366-2beb2f4fb5f6-link\">17<\/a><\/sup> lorsque la personne est laiss\u00e9e libre, la proc\u00e9dure \u00ab acc\u00e9l\u00e9r\u00e9e \u00bb<sup data-fn=\"32261eb7-f014-48ed-9895-469c0c1af743\" class=\"fn\"><a href=\"#32261eb7-f014-48ed-9895-469c0c1af743\" id=\"32261eb7-f014-48ed-9895-469c0c1af743-link\">18<\/a><\/sup> lorsqu\u2019elle est assign\u00e9e \u00e0 r\u00e9sidence et pour certains cas sp\u00e9cifiques et, enfin, la proc\u00e9dure \u00ab urgente \u00bb<sup data-fn=\"629bb45b-b0bf-449a-850e-127ab6f2f03b\" class=\"fn\"><a href=\"#629bb45b-b0bf-449a-850e-127ab6f2f03b\" id=\"629bb45b-b0bf-449a-850e-127ab6f2f03b-link\">19<\/a><\/sup> lorsqu\u2019elle est plac\u00e9e en r\u00e9tention administrative,<\/p>\n\n\n\n<p>&#8211; la cons\u00e9cration du principe de l\u2019audience d\u00e9localis\u00e9e, les exceptions \u00e9tant limit\u00e9es \u00e0 des impossibilit\u00e9s mat\u00e9rielles, et l\u2019ouverture de la possibilit\u00e9 de recourir \u00e0 l\u2019audience en visio-conf\u00e9rence<sup data-fn=\"93262e77-477a-4327-b761-79b3d70b028f\" class=\"fn\"><a href=\"#93262e77-477a-4327-b761-79b3d70b028f\" id=\"93262e77-477a-4327-b761-79b3d70b028f-link\">20<\/a><\/sup>,<\/p>\n\n\n\n<p>&#8211; la violation des formes prescrites par la loi \u00e0 peine de nullit\u00e9 ou l\u2019inobservation des formalit\u00e9s substantielles ne peuvent justifier une d\u00e9cision de remise en libert\u00e9 de la personne plac\u00e9e en r\u00e9tention que si cette irr\u00e9gularit\u00e9 \u00ab a eu pour effet de porter substantiellement atteinte aux droits de l\u2019\u00e9tranger dont l\u2019effectivit\u00e9 n\u2019a pu \u00eatre r\u00e9tablie par une r\u00e9gularisation intervenue avant la cl\u00f4ture des d\u00e9bats \u00bb<sup data-fn=\"e7bcd831-385a-4ab5-9996-0bd34b02bc86\" class=\"fn\"><a href=\"#e7bcd831-385a-4ab5-9996-0bd34b02bc86\" id=\"e7bcd831-385a-4ab5-9996-0bd34b02bc86-link\">21<\/a><\/sup>,<\/p>\n\n\n\n<p>&#8211; l\u2019allongement de 10 \u00e0 24 heures du d\u00e9lai pendant lequel la personne plac\u00e9e en r\u00e9tention dont le ou la juge judiciaire a ordonn\u00e9 la remise en libert\u00e9 est n\u00e9anmoins \u00ab maintenue \u00e0 la disposition de la justice \u00bb, le temps pour le ou la procureure de la R\u00e9publique d\u2019interjeter appel de la d\u00e9cision et de demander au ou \u00e0 la Premi\u00e8re pr\u00e9sidente de la cour d\u2019appel de d\u00e9clarer son appel suspensif<sup data-fn=\"3f3c2cd5-0d59-4341-8ce0-96f53fcf4bf2\" class=\"fn\"><a href=\"#3f3c2cd5-0d59-4341-8ce0-96f53fcf4bf2\" id=\"3f3c2cd5-0d59-4341-8ce0-96f53fcf4bf2-link\">22<\/a><\/sup>.<\/p>\n\n\n<ol class=\"wp-block-footnotes\"><li id=\"b6c5d04b-ea9a-4ad7-81e8-3f92e3f1f228\">Ceseda, art. L. 721-4. <a href=\"#b6c5d04b-ea9a-4ad7-81e8-3f92e3f1f228-link\" aria-label=\"Aller \u00e0 la note de bas de page 1\">\u21a9\ufe0e<\/a><\/li><li id=\"4326a23d-3b32-437e-b269-634fc924e5b4\">Ceseda, art. L. 824-9. <a href=\"#4326a23d-3b32-437e-b269-634fc924e5b4-link\" aria-label=\"Aller \u00e0 la note de bas de page 2\">\u21a9\ufe0e<\/a><\/li><li id=\"6ffa2bdf-1525-4b2a-895c-23dff93cee1d\">Ceseda, articles L. 432-1-1 et L. 432-5-1. <a href=\"#6ffa2bdf-1525-4b2a-895c-23dff93cee1d-link\" aria-label=\"Aller \u00e0 la note de bas de page 3\">\u21a9\ufe0e<\/a><\/li><li id=\"4f5e9cc3-8190-4f12-9cab-caf8fcb206e6\">Code de l\u2019action sociale et des familles, article L. 222-5. <a href=\"#4f5e9cc3-8190-4f12-9cab-caf8fcb206e6-link\" aria-label=\"Aller \u00e0 la note de bas de page 4\">\u21a9\ufe0e<\/a><\/li><li id=\"ee636eb8-6598-4707-be76-29d4959d5343\">Ceseda, article L. 542-4. <a href=\"#ee636eb8-6598-4707-be76-29d4959d5343-link\" aria-label=\"Aller \u00e0 la note de bas de page 5\">\u21a9\ufe0e<\/a><\/li><li id=\"b428e74a-ee93-44b8-8e1d-e3b345c9364d\">Ceseda, article L. 731-1, 1\u00b0. <a href=\"#b428e74a-ee93-44b8-8e1d-e3b345c9364d-link\" aria-label=\"Aller \u00e0 la note de bas de page 6\">\u21a9\ufe0e<\/a><\/li><li id=\"143509f7-6298-4790-8aa1-7b9d1278e459\">Ceseda, article L. 611-3. <a href=\"#143509f7-6298-4790-8aa1-7b9d1278e459-link\" aria-label=\"Aller \u00e0 la note de bas de page 7\">\u21a9\ufe0e<\/a><\/li><li id=\"cb1ee7dd-5faf-4112-b45e-4bc05adb7a82\">Ceseda, articles L. 612-6 \u00e0 L. 612-8. <a href=\"#cb1ee7dd-5faf-4112-b45e-4bc05adb7a82-link\" aria-label=\"Aller \u00e0 la note de bas de page 8\">\u21a9\ufe0e<\/a><\/li><li id=\"fd531e55-299b-4a79-8352-8387a3bf7049\">Ceseda, article L. 613-9. <a href=\"#fd531e55-299b-4a79-8352-8387a3bf7049-link\" aria-label=\"Aller \u00e0 la note de bas de page 9\">\u21a9\ufe0e<\/a><\/li><li id=\"c9f7f201-81be-4dd8-a8da-d8dbf077238b\">Code de proc\u00e9dure p\u00e9nale, article 720. <a href=\"#c9f7f201-81be-4dd8-a8da-d8dbf077238b-link\" aria-label=\"Aller \u00e0 la note de bas de page 10\">\u21a9\ufe0e<\/a><\/li><li id=\"7b8b7cd0-bd8c-4c54-aeea-9aec0f2141c6\">Ceseda, article L. 741-1. <a href=\"#7b8b7cd0-bd8c-4c54-aeea-9aec0f2141c6-link\" aria-label=\"Aller \u00e0 la note de bas de page 11\">\u21a9\ufe0e<\/a><\/li><li id=\"a84d32a0-8931-49c6-adbe-734a6b2c546f\">Ceseda, article L. 741-5. <a href=\"#a84d32a0-8931-49c6-adbe-734a6b2c546f-link\" aria-label=\"Aller \u00e0 la note de bas de page 12\">\u21a9\ufe0e<\/a><\/li><li id=\"f9cfb6ca-d81f-41a6-96b6-54d28fca7d64\">Ceseda, article L. 730-1. <a href=\"#f9cfb6ca-d81f-41a6-96b6-54d28fca7d64-link\" aria-label=\"Aller \u00e0 la note de bas de page 13\">\u21a9\ufe0e<\/a><\/li><li id=\"dfc3aba0-99b1-4031-a033-354273d42d3d\">Ceseda, article L. 741-1. <a href=\"#dfc3aba0-99b1-4031-a033-354273d42d3d-link\" aria-label=\"Aller \u00e0 la note de bas de page 14\">\u21a9\ufe0e<\/a><\/li><li id=\"3ffb02e4-e224-403d-b9cf-092a06756bba\">Ceseda, article L. 741-7. <a href=\"#3ffb02e4-e224-403d-b9cf-092a06756bba-link\" aria-label=\"Aller \u00e0 la note de bas de page 15\">\u21a9\ufe0e<\/a><\/li><li id=\"995b5c14-da4a-4a86-bab9-311ba4fee973\">Ceseda, articles L. 732-4 et L. 732-3. <a href=\"#995b5c14-da4a-4a86-bab9-311ba4fee973-link\" aria-label=\"Aller \u00e0 la note de bas de page 16\">\u21a9\ufe0e<\/a><\/li><li id=\"bd11bf6d-91e7-43c8-9366-2beb2f4fb5f6\">Ceseda, article L. 911-1. <a href=\"#bd11bf6d-91e7-43c8-9366-2beb2f4fb5f6-link\" aria-label=\"Aller \u00e0 la note de bas de page 17\">\u21a9\ufe0e<\/a><\/li><li id=\"32261eb7-f014-48ed-9895-469c0c1af743\">Ceseda, article L. 921-1. <a href=\"#32261eb7-f014-48ed-9895-469c0c1af743-link\" aria-label=\"Aller \u00e0 la note de bas de page 18\">\u21a9\ufe0e<\/a><\/li><li id=\"629bb45b-b0bf-449a-850e-127ab6f2f03b\">Ceseda, article L. 921-2. <a href=\"#629bb45b-b0bf-449a-850e-127ab6f2f03b-link\" aria-label=\"Aller \u00e0 la note de bas de page 19\">\u21a9\ufe0e<\/a><\/li><li id=\"93262e77-477a-4327-b761-79b3d70b028f\">Ceseda, article L. 743-7. <a href=\"#93262e77-477a-4327-b761-79b3d70b028f-link\" aria-label=\"Aller \u00e0 la note de bas de page 20\">\u21a9\ufe0e<\/a><\/li><li id=\"e7bcd831-385a-4ab5-9996-0bd34b02bc86\">Ceseda, article L. 743-12. <a href=\"#e7bcd831-385a-4ab5-9996-0bd34b02bc86-link\" aria-label=\"Aller \u00e0 la note de bas de page 21\">\u21a9\ufe0e<\/a><\/li><li id=\"3f3c2cd5-0d59-4341-8ce0-96f53fcf4bf2\">Ceseda, article L. 743-19. <a href=\"#3f3c2cd5-0d59-4341-8ce0-96f53fcf4bf2-link\" aria-label=\"Aller \u00e0 la note de bas de page 22\">\u21a9\ufe0e<\/a><\/li><\/ol>","protected":false},"excerpt":{"rendered":"<p>Fiche 15 \u2013 Le placement en r\u00e9tention administrative Une personne peut se retrouver en centre de r\u00e9tention administrative (CRA) parce qu\u2019\u00e0 l\u2019occasion d\u2019un contr\u00f4le d\u2019identit\u00e9 par la police ou suite au d\u00e9p\u00f4t d\u2019une demande de r\u00e9gularisation, la pr\u00e9fecture a examin\u00e9 sa situation et a estim\u00e9 que la personne n\u2019avait pas le droit de rester en [&hellip;]<\/p>\n","protected":false},"author":6,"featured_media":0,"comment_status":"closed","ping_status":"closed","sticky":false,"template":"","format":"standard","meta":{"footnotes":"[{\"content\":\"Ceseda, art. L. 721-4.\",\"id\":\"b6c5d04b-ea9a-4ad7-81e8-3f92e3f1f228\"},{\"content\":\"Ceseda, art. L. 824-9.\",\"id\":\"4326a23d-3b32-437e-b269-634fc924e5b4\"},{\"content\":\"Ceseda, articles L. 432-1-1 et L. 432-5-1.\",\"id\":\"6ffa2bdf-1525-4b2a-895c-23dff93cee1d\"},{\"content\":\"Code de l\u2019action sociale et des familles, article L. 222-5.\",\"id\":\"4f5e9cc3-8190-4f12-9cab-caf8fcb206e6\"},{\"content\":\"Ceseda, article L. 542-4.\",\"id\":\"ee636eb8-6598-4707-be76-29d4959d5343\"},{\"content\":\"Ceseda, article L. 731-1, 1\u00b0.\",\"id\":\"b428e74a-ee93-44b8-8e1d-e3b345c9364d\"},{\"content\":\"Ceseda, article L. 611-3.\",\"id\":\"143509f7-6298-4790-8aa1-7b9d1278e459\"},{\"content\":\"Ceseda, articles L. 612-6 \u00e0 L. 612-8.\",\"id\":\"cb1ee7dd-5faf-4112-b45e-4bc05adb7a82\"},{\"content\":\"Ceseda, article L. 613-9.\",\"id\":\"fd531e55-299b-4a79-8352-8387a3bf7049\"},{\"content\":\"Code de proc\u00e9dure p\u00e9nale, article 720.\",\"id\":\"c9f7f201-81be-4dd8-a8da-d8dbf077238b\"},{\"content\":\"Ceseda, article L. 741-1.\",\"id\":\"7b8b7cd0-bd8c-4c54-aeea-9aec0f2141c6\"},{\"content\":\"Ceseda, article L. 741-5.\",\"id\":\"a84d32a0-8931-49c6-adbe-734a6b2c546f\"},{\"content\":\"Ceseda, article L. 730-1.\",\"id\":\"f9cfb6ca-d81f-41a6-96b6-54d28fca7d64\"},{\"content\":\"Ceseda, article L. 741-1.\",\"id\":\"dfc3aba0-99b1-4031-a033-354273d42d3d\"},{\"content\":\"Ceseda, article L. 741-7.\",\"id\":\"3ffb02e4-e224-403d-b9cf-092a06756bba\"},{\"content\":\"Ceseda, articles L. 732-4 et L. 732-3.\",\"id\":\"995b5c14-da4a-4a86-bab9-311ba4fee973\"},{\"content\":\"Ceseda, article L. 911-1.\",\"id\":\"bd11bf6d-91e7-43c8-9366-2beb2f4fb5f6\"},{\"content\":\"Ceseda, article L. 921-1.\",\"id\":\"32261eb7-f014-48ed-9895-469c0c1af743\"},{\"content\":\"Ceseda, article L. 921-2.\",\"id\":\"629bb45b-b0bf-449a-850e-127ab6f2f03b\"},{\"content\":\"Ceseda, article L. 743-7.\",\"id\":\"93262e77-477a-4327-b761-79b3d70b028f\"},{\"content\":\"Ceseda, article L. 743-12.\",\"id\":\"e7bcd831-385a-4ab5-9996-0bd34b02bc86\"},{\"content\":\"Ceseda, article L. 743-19.\",\"id\":\"3f3c2cd5-0d59-4341-8ce0-96f53fcf4bf2\"}]"},"categories":[1],"tags":[],"class_list":["post-261","post","type-post","status-publish","format-standard","hentry","category-non-classe"],"_links":{"self":[{"href":"https:\/\/guide-etudiant-etranger.org\/index.php\/wp-json\/wp\/v2\/posts\/261","targetHints":{"allow":["GET"]}}],"collection":[{"href":"https:\/\/guide-etudiant-etranger.org\/index.php\/wp-json\/wp\/v2\/posts"}],"about":[{"href":"https:\/\/guide-etudiant-etranger.org\/index.php\/wp-json\/wp\/v2\/types\/post"}],"author":[{"embeddable":true,"href":"https:\/\/guide-etudiant-etranger.org\/index.php\/wp-json\/wp\/v2\/users\/6"}],"replies":[{"embeddable":true,"href":"https:\/\/guide-etudiant-etranger.org\/index.php\/wp-json\/wp\/v2\/comments?post=261"}],"version-history":[{"count":8,"href":"https:\/\/guide-etudiant-etranger.org\/index.php\/wp-json\/wp\/v2\/posts\/261\/revisions"}],"predecessor-version":[{"id":660,"href":"https:\/\/guide-etudiant-etranger.org\/index.php\/wp-json\/wp\/v2\/posts\/261\/revisions\/660"}],"wp:attachment":[{"href":"https:\/\/guide-etudiant-etranger.org\/index.php\/wp-json\/wp\/v2\/media?parent=261"}],"wp:term":[{"taxonomy":"category","embeddable":true,"href":"https:\/\/guide-etudiant-etranger.org\/index.php\/wp-json\/wp\/v2\/categories?post=261"},{"taxonomy":"post_tag","embeddable":true,"href":"https:\/\/guide-etudiant-etranger.org\/index.php\/wp-json\/wp\/v2\/tags?post=261"}],"curies":[{"name":"wp","href":"https:\/\/api.w.org\/{rel}","templated":true}]}}